{"id":60114,"date":"2020-07-03T11:05:52","date_gmt":"2020-07-03T14:05:52","guid":{"rendered":"https:\/\/tvtecjundiai.com.br\/news\/?p=60114"},"modified":"2020-07-03T11:06:44","modified_gmt":"2020-07-03T14:06:44","slug":"alceu-elba-e-geraldo-azevedo-se-unem-na-live-o-grande-encontro","status":"publish","type":"post","link":"https:\/\/tvtecjundiai.com.br\/news\/2020\/07\/03\/alceu-elba-e-geraldo-azevedo-se-unem-na-live-o-grande-encontro\/","title":{"rendered":"Alceu, Elba e Geraldo Azevedo se unem na live \u2018O Grande Encontro\u2019"},"content":{"rendered":"<div id=\"attachment_60116\" style=\"width: 527px\" class=\"wp-caption alignright\"><a href=\"https:\/\/tvtecjundiai.com.br\/news\/wp-content\/uploads\/sites\/2\/2020\/07\/o-grande-encontro-910x474-1.jpg\"><img loading=\"lazy\" decoding=\"async\" aria-describedby=\"caption-attachment-60116\" class=\"wp-image-60116\" src=\"https:\/\/tvtecjundiai.com.br\/news\/wp-content\/uploads\/sites\/2\/2020\/07\/o-grande-encontro-910x474-1-300x156.jpg\" alt=\"\" width=\"517\" height=\"269\" srcset=\"https:\/\/tvtecjundiai.com.br\/news\/wp-content\/uploads\/sites\/2\/2020\/07\/o-grande-encontro-910x474-1-300x156.jpg 300w, https:\/\/tvtecjundiai.com.br\/news\/wp-content\/uploads\/sites\/2\/2020\/07\/o-grande-encontro-910x474-1-768x400.jpg 768w, https:\/\/tvtecjundiai.com.br\/news\/wp-content\/uploads\/sites\/2\/2020\/07\/o-grande-encontro-910x474-1.jpg 910w\" sizes=\"auto, (max-width: 517px) 100vw, 517px\" \/><\/a><p id=\"caption-attachment-60116\" class=\"wp-caption-text\">Alceu Valen\u00e7a, Elba Ramalho e Geraldo Azevedose re\u00fanem em live especial<\/p><\/div>\n<p>Por conta da pandemia do Coronav\u00edrus, diversas apresenta\u00e7\u00f5es do trio Alceu Valen\u00e7a, Elba Ramalho e Geraldo Azevedo foram canceladas, e para aquecer o cora\u00e7\u00e3o dos f\u00e3s, os tr\u00eas se re\u00fanem na live &#8220;O Grande Encontro&#8221; no pr\u00f3ximo domingo (5), a partir das 16h, no<a href=\"https:\/\/www.youtube.com\/c\/OGrandeEncontroAlceuElbaGeraldo\/featured\"> YouTube<\/a> projeto.<\/p>\n<p>O repert\u00f3rio especial conta com &#8220;Bicho Maluco Beleza&#8221; e &#8220;Tomara&#8221;, sucessos de Alceu, &#8220;Talism\u00e3&#8221;,\u00a0 composi\u00e7\u00e3o de Geraldo e Alceu, &#8220;Eternas Ondas&#8221;, de Z\u00e9 Ramalho e Fagner e &#8220;O Xote das Meninas&#8221;, de Luiz Gonzaga e Z\u00e9dantas e muito mais.<\/p>\n<p>Para fazer a live com a maior seguran\u00e7a poss\u00edvel, o trio ser\u00e1 acompanhado apenas pelos m\u00fasicos Marcos Arcanjo e Paulo Rafael nos viol\u00f5es e guitarras. O show ser\u00e1 transmitido diretamente do Teatro Claro Rio, na cidade do Rio de Janeiro.<\/p>\n<p><em>(Fonte: Catraca Livre\/Foto: Divulga\u00e7\u00e3o)<\/em><\/p>\n","protected":false},"excerpt":{"rendered":"<p>Trio apresenta can\u00e7\u00f5es inesquec\u00edveis em formato ac\u00fastico <\/p>\n","protected":false},"author":13,"featured_media":60116,"comment_status":"closed","ping_status":"closed","sticky":false,"template":"","format":"standard","meta":{"footnotes":""},"categories":[2833,3076,1],"tags":[826,240],"class_list":["post-60114","post","type-post","status-publish","format-standard","has-post-thumbnail","hentry","category-cultura","category-entretenimento","category-noticias","tag-live","tag-youtube"],"_links":{"self":[{"href":"https:\/\/tvtecjundiai.com.br\/news\/wp-json\/wp\/v2\/posts\/60114","targetHints":{"allow":["GET"]}}],"collection":[{"href":"https:\/\/tvtecjundiai.com.br\/news\/wp-json\/wp\/v2\/posts"}],"about":[{"href":"https:\/\/tvtecjundiai.com.br\/news\/wp-json\/wp\/v2\/types\/post"}],"author":[{"embeddable":true,"href":"https:\/\/tvtecjundiai.com.br\/news\/wp-json\/wp\/v2\/users\/13"}],"replies":[{"embeddable":true,"href":"https:\/\/tvtecjundiai.com.br\/news\/wp-json\/wp\/v2\/comments?post=60114"}],"version-history":[{"count":2,"href":"https:\/\/tvtecjundiai.com.br\/news\/wp-json\/wp\/v2\/posts\/60114\/revisions"}],"predecessor-version":[{"id":60123,"href":"https:\/\/tvtecjundiai.com.br\/news\/wp-json\/wp\/v2\/posts\/60114\/revisions\/60123"}],"wp:featuredmedia":[{"embeddable":true,"href":"https:\/\/tvtecjundiai.com.br\/news\/wp-json\/wp\/v2\/media\/60116"}],"wp:attachment":[{"href":"https:\/\/tvtecjundiai.com.br\/news\/wp-json\/wp\/v2\/media?parent=60114"}],"wp:term":[{"taxonomy":"category","embeddable":true,"href":"https:\/\/tvtecjundiai.com.br\/news\/wp-json\/wp\/v2\/categories?post=60114"},{"taxonomy":"post_tag","embeddable":true,"href":"https:\/\/tvtecjundiai.com.br\/news\/wp-json\/wp\/v2\/tags?post=60114"}],"curies":[{"name":"wp","href":"https:\/\/api.w.org\/{rel}","templated":true}]}}