{"id":60185,"date":"2020-07-03T14:28:27","date_gmt":"2020-07-03T17:28:27","guid":{"rendered":"https:\/\/tvtecjundiai.com.br\/news\/?p=60185"},"modified":"2020-07-07T16:21:27","modified_gmt":"2020-07-07T19:21:27","slug":"jundiai-atende-estado-e-recua-para-fase-vermelha-da-pandemia","status":"publish","type":"post","link":"https:\/\/tvtecjundiai.com.br\/news\/2020\/07\/03\/jundiai-atende-estado-e-recua-para-fase-vermelha-da-pandemia\/","title":{"rendered":"Jundia\u00ed atende estado e recua para fase vermelha da pandemia"},"content":{"rendered":"<p>Em v\u00eddeo divulgado em sua p\u00e1gina no Facebook\u00a0 na tarde desta sexta-feira (3), o prefeito de Jundia\u00ed, Luiz Fernando Machado, confirmou que a cidade inserida na regi\u00e3o de Campinas vai adotar as restri\u00e7\u00f5es do decreto do governo do Estado de S\u00e3o Paulo, agora mais severas em rela\u00e7\u00e3o \u00e0 circula\u00e7\u00e3o de pessoas, abertura de com\u00e9rcio e atividades consideradas n\u00e3o essenciais. A cidade volta \u00e0 fase vermelha da pandemia do Coronav\u00edrus.<\/p>\n<p>&#8220;\u00c9 importante ressaltar que essa regi\u00e3o \u00e9 composta por 42 cidades de tamanhos e realidades distintas, onde 4 milh\u00f5es e meio de pessoas vivem e circulam todos os dias&#8221;, lembrou o prefeito. &#8220;Diante desse cen\u00e1rio, temos que cumprir as regras estabelecidas pelo governo do estado de S\u00e3o Paulo. E somente com a colabora\u00e7\u00e3o de todos, governo municipal e sociedade, Jundia\u00ed continuar\u00e1 a caminhar para a reabertura gradual&#8221;, explicou.<\/p>\n<p>Destacou ainda que Jundia\u00ed, desde o in\u00edcio da pandemia do coronav\u00edrus, se preparou para enfrentar a crise, com planejamento com base em dados e evid\u00eancias cient\u00edficas. &#8220;O plano de combate \u00e0 doen\u00e7a est\u00e1 sendo executado integralmente em nossa cidade&#8221;, garantiu.&#8221;Contratamos novos profissionais na Sa\u00fade e refor\u00e7amos a rede hospitalar, para que ningu\u00e9m ficasse sem atendimento com o aumento na demanda por leitoS&#8221;, acrescentou.<\/p>\n<p><strong>ASSISTA A \u00cdNTEGRA DO PRONUNCIAMENTO DO PREFEITO<\/strong><\/p>\n<p>https:\/\/www.facebook.com\/luizjundiai\/videos\/194800441943698\/<\/p>\n","protected":false},"excerpt":{"rendered":"<p>Ser\u00e3o adotas restri\u00e7\u00f5es mais severas e s\u00f3 funcionam atividades essenciais<\/p>\n","protected":false},"author":8,"featured_media":56068,"comment_status":"closed","ping_status":"closed","sticky":false,"template":"","format":"standard","meta":{"footnotes":""},"categories":[29,1,2839],"tags":[7496],"class_list":["post-60185","post","type-post","status-publish","format-standard","has-post-thumbnail","hentry","category-destaque","category-noticias","category-saude","tag-fase-vermelha"],"_links":{"self":[{"href":"https:\/\/tvtecjundiai.com.br\/news\/wp-json\/wp\/v2\/posts\/60185","targetHints":{"allow":["GET"]}}],"collection":[{"href":"https:\/\/tvtecjundiai.com.br\/news\/wp-json\/wp\/v2\/posts"}],"about":[{"href":"https:\/\/tvtecjundiai.com.br\/news\/wp-json\/wp\/v2\/types\/post"}],"author":[{"embeddable":true,"href":"https:\/\/tvtecjundiai.com.br\/news\/wp-json\/wp\/v2\/users\/8"}],"replies":[{"embeddable":true,"href":"https:\/\/tvtecjundiai.com.br\/news\/wp-json\/wp\/v2\/comments?post=60185"}],"version-history":[{"count":6,"href":"https:\/\/tvtecjundiai.com.br\/news\/wp-json\/wp\/v2\/posts\/60185\/revisions"}],"predecessor-version":[{"id":60203,"href":"https:\/\/tvtecjundiai.com.br\/news\/wp-json\/wp\/v2\/posts\/60185\/revisions\/60203"}],"wp:featuredmedia":[{"embeddable":true,"href":"https:\/\/tvtecjundiai.com.br\/news\/wp-json\/wp\/v2\/media\/56068"}],"wp:attachment":[{"href":"https:\/\/tvtecjundiai.com.br\/news\/wp-json\/wp\/v2\/media?parent=60185"}],"wp:term":[{"taxonomy":"category","embeddable":true,"href":"https:\/\/tvtecjundiai.com.br\/news\/wp-json\/wp\/v2\/categories?post=60185"},{"taxonomy":"post_tag","embeddable":true,"href":"https:\/\/tvtecjundiai.com.br\/news\/wp-json\/wp\/v2\/tags?post=60185"}],"curies":[{"name":"wp","href":"https:\/\/api.w.org\/{rel}","templated":true}]}}