{"id":60255,"date":"2020-07-04T16:46:28","date_gmt":"2020-07-04T19:46:28","guid":{"rendered":"https:\/\/tvtecjundiai.com.br\/news\/?p=60255"},"modified":"2020-07-05T17:09:55","modified_gmt":"2020-07-05T20:09:55","slug":"jundiai-registra-mais-duas-mortes-por-coronavirus-neste-sabado-04","status":"publish","type":"post","link":"https:\/\/tvtecjundiai.com.br\/news\/2020\/07\/04\/jundiai-registra-mais-duas-mortes-por-coronavirus-neste-sabado-04\/","title":{"rendered":"Jundia\u00ed registra mais duas mortes por Coronav\u00edrus neste s\u00e1bado (04)"},"content":{"rendered":"<p>A Prefeitura de Jundia\u00ed informa que, neste s\u00e1bado (4), o munic\u00edpio contabiliza mais 2 \u00f3bitos de residentes na cidade causados pelo Coronav\u00edrus:<\/p>\n<ul>\n<li>Mulher, 89 anos, portadora de problemas cardiol\u00f3gicos, diabetes e v\u00edtima de AVC. Estava internada em hospital particular desde 24 de junho e faleceu neste s\u00e1bado, com diagn\u00f3stico positivo para o COVID-19.<\/li>\n<li>Homem, 81 anos, com doen\u00e7a cardiovascular e diabetes. Estava internado no Hospital S\u00e3o Vicente de Paulo desde o dia 28 de junho e faleceu ontem, dia 3 de julho.<\/li>\n<\/ul>\n<p>Com estas mortes, a cidade passa a contabilizar 205 \u00f3bitos positivos para Covid-19 desde o in\u00edcio da pandemia.<\/p>\n<p><strong>Confira abaixo o informe epidemiol\u00f3gico da Prefeitura de Jundia\u00ed:<\/strong><\/p>\n<p><img loading=\"lazy\" decoding=\"async\" class=\"wp-image-60257 alignleft\" src=\"https:\/\/tvtecjundiai.com.br\/news\/wp-content\/uploads\/sites\/2\/2020\/07\/WhatsApp-Image-2020-07-04-at-16.42.17-1-300x300.jpeg\" alt=\"\" width=\"400\" height=\"400\" srcset=\"https:\/\/tvtecjundiai.com.br\/news\/wp-content\/uploads\/sites\/2\/2020\/07\/WhatsApp-Image-2020-07-04-at-16.42.17-1-300x300.jpeg 300w, https:\/\/tvtecjundiai.com.br\/news\/wp-content\/uploads\/sites\/2\/2020\/07\/WhatsApp-Image-2020-07-04-at-16.42.17-1-960x960.jpeg 960w, https:\/\/tvtecjundiai.com.br\/news\/wp-content\/uploads\/sites\/2\/2020\/07\/WhatsApp-Image-2020-07-04-at-16.42.17-1-100x100.jpeg 100w, https:\/\/tvtecjundiai.com.br\/news\/wp-content\/uploads\/sites\/2\/2020\/07\/WhatsApp-Image-2020-07-04-at-16.42.17-1-768x768.jpeg 768w, https:\/\/tvtecjundiai.com.br\/news\/wp-content\/uploads\/sites\/2\/2020\/07\/WhatsApp-Image-2020-07-04-at-16.42.17-1.jpeg 1280w\" sizes=\"auto, (max-width: 400px) 100vw, 400px\" \/> <img loading=\"lazy\" decoding=\"async\" class=\"wp-image-60256 alignright\" src=\"https:\/\/tvtecjundiai.com.br\/news\/wp-content\/uploads\/sites\/2\/2020\/07\/WhatsApp-Image-2020-07-04-at-16.42.17-300x300.jpeg\" alt=\"\" width=\"400\" height=\"400\" srcset=\"https:\/\/tvtecjundiai.com.br\/news\/wp-content\/uploads\/sites\/2\/2020\/07\/WhatsApp-Image-2020-07-04-at-16.42.17-300x300.jpeg 300w, https:\/\/tvtecjundiai.com.br\/news\/wp-content\/uploads\/sites\/2\/2020\/07\/WhatsApp-Image-2020-07-04-at-16.42.17-960x960.jpeg 960w, https:\/\/tvtecjundiai.com.br\/news\/wp-content\/uploads\/sites\/2\/2020\/07\/WhatsApp-Image-2020-07-04-at-16.42.17-100x100.jpeg 100w, https:\/\/tvtecjundiai.com.br\/news\/wp-content\/uploads\/sites\/2\/2020\/07\/WhatsApp-Image-2020-07-04-at-16.42.17-768x768.jpeg 768w, https:\/\/tvtecjundiai.com.br\/news\/wp-content\/uploads\/sites\/2\/2020\/07\/WhatsApp-Image-2020-07-04-at-16.42.17.jpeg 1280w\" sizes=\"auto, (max-width: 400px) 100vw, 400px\" \/><\/p>\n<p>&nbsp;<\/p>\n<p>&nbsp;<\/p>\n<p>&nbsp;<\/p>\n<p>&nbsp;<\/p>\n<p>&nbsp;<\/p>\n<p>&nbsp;<\/p>\n<p>&nbsp;<\/p>\n","protected":false},"excerpt":{"rendered":"<p>Com essas mortes, a cidade passa a contabilizar 205 \u00f3bitos positivos<\/p>\n","protected":false},"author":6,"featured_media":58138,"comment_status":"closed","ping_status":"closed","sticky":false,"template":"","format":"standard","meta":{"footnotes":""},"categories":[1,2839],"tags":[6242,6512,5,3142],"class_list":["post-60255","post","type-post","status-publish","format-standard","has-post-thumbnail","hentry","category-noticias","category-saude","tag-coronavirus","tag-covid-19","tag-jundiai","tag-mortes"],"_links":{"self":[{"href":"https:\/\/tvtecjundiai.com.br\/news\/wp-json\/wp\/v2\/posts\/60255","targetHints":{"allow":["GET"]}}],"collection":[{"href":"https:\/\/tvtecjundiai.com.br\/news\/wp-json\/wp\/v2\/posts"}],"about":[{"href":"https:\/\/tvtecjundiai.com.br\/news\/wp-json\/wp\/v2\/types\/post"}],"author":[{"embeddable":true,"href":"https:\/\/tvtecjundiai.com.br\/news\/wp-json\/wp\/v2\/users\/6"}],"replies":[{"embeddable":true,"href":"https:\/\/tvtecjundiai.com.br\/news\/wp-json\/wp\/v2\/comments?post=60255"}],"version-history":[{"count":7,"href":"https:\/\/tvtecjundiai.com.br\/news\/wp-json\/wp\/v2\/posts\/60255\/revisions"}],"predecessor-version":[{"id":60264,"href":"https:\/\/tvtecjundiai.com.br\/news\/wp-json\/wp\/v2\/posts\/60255\/revisions\/60264"}],"wp:featuredmedia":[{"embeddable":true,"href":"https:\/\/tvtecjundiai.com.br\/news\/wp-json\/wp\/v2\/media\/58138"}],"wp:attachment":[{"href":"https:\/\/tvtecjundiai.com.br\/news\/wp-json\/wp\/v2\/media?parent=60255"}],"wp:term":[{"taxonomy":"category","embeddable":true,"href":"https:\/\/tvtecjundiai.com.br\/news\/wp-json\/wp\/v2\/categories?post=60255"},{"taxonomy":"post_tag","embeddable":true,"href":"https:\/\/tvtecjundiai.com.br\/news\/wp-json\/wp\/v2\/tags?post=60255"}],"curies":[{"name":"wp","href":"https:\/\/api.w.org\/{rel}","templated":true}]}}