{"id":60294,"date":"2020-07-06T09:47:55","date_gmt":"2020-07-06T12:47:55","guid":{"rendered":"https:\/\/tvtecjundiai.com.br\/news\/?p=60294"},"modified":"2020-07-06T09:47:55","modified_gmt":"2020-07-06T12:47:55","slug":"jundiai-tem-multidao-nos-comercios-no-ultimo-fim-de-semana-antes-do-fechamento","status":"publish","type":"post","link":"https:\/\/tvtecjundiai.com.br\/news\/2020\/07\/06\/jundiai-tem-multidao-nos-comercios-no-ultimo-fim-de-semana-antes-do-fechamento\/","title":{"rendered":"Jundia\u00ed tem multid\u00e3o nos com\u00e9rcios no \u00faltimo fim de semana antes do fechamento"},"content":{"rendered":"<div class=\"mc-column content-text active-extra-styles \" data-block-type=\"unstyled\" data-block-weight=\"35\" data-block-id=\"2\">\n<div id=\"attachment_60300\" style=\"width: 398px\" class=\"wp-caption alignright\"><a href=\"https:\/\/tvtecjundiai.com.br\/news\/wp-content\/uploads\/sites\/2\/2020\/07\/1-2.jpg\"><img loading=\"lazy\" decoding=\"async\" aria-describedby=\"caption-attachment-60300\" class=\" wp-image-60300\" src=\"https:\/\/tvtecjundiai.com.br\/news\/wp-content\/uploads\/sites\/2\/2020\/07\/1-2-300x201.jpg\" alt=\"\" width=\"388\" height=\"260\" srcset=\"https:\/\/tvtecjundiai.com.br\/news\/wp-content\/uploads\/sites\/2\/2020\/07\/1-2-300x201.jpg 300w, https:\/\/tvtecjundiai.com.br\/news\/wp-content\/uploads\/sites\/2\/2020\/07\/1-2-768x514.jpg 768w, https:\/\/tvtecjundiai.com.br\/news\/wp-content\/uploads\/sites\/2\/2020\/07\/1-2.jpg 984w\" sizes=\"auto, (max-width: 388px) 100vw, 388px\" \/><\/a><p id=\"caption-attachment-60300\" class=\"wp-caption-text\">Cidade registrou grande n\u00famero de pessoas nas ruas<\/p><\/div>\n<p data-track-category=\"Link no Texto\" data-track-links=\"\">O \u00faltimo dia de com\u00e9rcio n\u00e3o essencial aberto em Jundia\u00ed registrou uma multid\u00e3o de moradores. A cidade voltou \u00e0 fase vermelha do Plano S\u00e3o Paulo depois que o governador, Jo\u00e3o Doria, anunciou a regress\u00e3o da regi\u00e3o de Campinas. A decis\u00e3o foi tomada com base nos relat\u00f3rios com n\u00famero de casos e \u00f3bitos, taxa de ocupa\u00e7\u00e3o de leitos, dentre outros, enviados pela Secretaria Municipal de Sa\u00fade.<\/p>\n<p data-track-category=\"Link no Texto\" data-track-links=\"\">Al\u00e9m de Jundia\u00ed, seis cidades da regi\u00e3o comp\u00f5em o DRS de Campinas e ser\u00e3o afetadas pela medida.<\/p>\n<p data-track-category=\"Link no Texto\" data-track-links=\"\">Dentre as cinco fases propostas no plano, a vermelha \u00e9 a mais restrita. Somente com\u00e9rcios considerados essenciais podem funcional, entre eles mercados e farm\u00e1cias. Todo o restante deve permanecer fechado.<\/p>\n<\/div>\n<div class=\"wall protected-content\">\n<div class=\"mc-column content-text active-extra-styles \" data-block-type=\"unstyled\" data-block-weight=\"18\" data-block-id=\"4\">\n<div class=\"mc-column content-media content-video\" data-block-type=\"backstage-video\" data-block-id=\"7\">\n<div class=\"content-media__container\">\n<div class=\"content-video__bigger-player-description-fixer\">\n<article class=\"content-video\">\n<section class=\"content-video__video-container\">\n<div class=\"content-video__video\">\n<div class=\"content-video__placeholder\" data-video-id=\"8673780\">\n<div class=\"mc-column content-text active-extra-styles \" data-block-type=\"unstyled\" data-block-weight=\"20\" data-block-id=\"9\">\n<p class=\"content-text__container \" data-track-category=\"Link no Texto\" data-track-links=\"\">Jundia\u00ed registra 4484 casos e 209 mortes desde o come\u00e7o da pandemia. O n\u00famero de pacientes recuperados \u00e9 de 3.561.<\/p>\n<\/div>\n<div class=\"mc-column content-text active-extra-styles \" data-block-type=\"unstyled\" data-block-weight=\"31\" data-block-id=\"10\">\n<p class=\"content-text__container \" data-track-category=\"Link no Texto\" data-track-links=\"\">As seis cidades que formam a regi\u00e3o de Jundia\u00ed tamb\u00e9m devem seguir a determina\u00e7\u00e3o do governo estadual de flexibiliza\u00e7\u00e3o. S\u00e3o elas: Itatiba, V\u00e1rzea Paulista, Campo Limpo Paulista, Itupeva, Cabre\u00fava e Jarinu.<\/p>\n<p data-track-category=\"Link no Texto\" data-track-links=\"\"><em>(Fonte: G1\/Foto: TVTEM)<\/em><\/p>\n<\/div>\n<\/div>\n<\/div>\n<\/section>\n<\/article>\n<\/div>\n<\/div>\n<\/div>\n<\/div>\n<\/div>\n","protected":false},"excerpt":{"rendered":"<p>Cidade retornou \u00e0 fase vermelha do Plano SP nesta segunda-feira (6)<\/p>\n","protected":false},"author":13,"featured_media":60300,"comment_status":"closed","ping_status":"closed","sticky":false,"template":"","format":"standard","meta":{"footnotes":""},"categories":[2834,1,2839],"tags":[588,6242,7496,5],"class_list":["post-60294","post","type-post","status-publish","format-standard","has-post-thumbnail","hentry","category-cidades","category-noticias","category-saude","tag-comercio","tag-coronavirus","tag-fase-vermelha","tag-jundiai"],"_links":{"self":[{"href":"https:\/\/tvtecjundiai.com.br\/news\/wp-json\/wp\/v2\/posts\/60294","targetHints":{"allow":["GET"]}}],"collection":[{"href":"https:\/\/tvtecjundiai.com.br\/news\/wp-json\/wp\/v2\/posts"}],"about":[{"href":"https:\/\/tvtecjundiai.com.br\/news\/wp-json\/wp\/v2\/types\/post"}],"author":[{"embeddable":true,"href":"https:\/\/tvtecjundiai.com.br\/news\/wp-json\/wp\/v2\/users\/13"}],"replies":[{"embeddable":true,"href":"https:\/\/tvtecjundiai.com.br\/news\/wp-json\/wp\/v2\/comments?post=60294"}],"version-history":[{"count":1,"href":"https:\/\/tvtecjundiai.com.br\/news\/wp-json\/wp\/v2\/posts\/60294\/revisions"}],"predecessor-version":[{"id":60301,"href":"https:\/\/tvtecjundiai.com.br\/news\/wp-json\/wp\/v2\/posts\/60294\/revisions\/60301"}],"wp:featuredmedia":[{"embeddable":true,"href":"https:\/\/tvtecjundiai.com.br\/news\/wp-json\/wp\/v2\/media\/60300"}],"wp:attachment":[{"href":"https:\/\/tvtecjundiai.com.br\/news\/wp-json\/wp\/v2\/media?parent=60294"}],"wp:term":[{"taxonomy":"category","embeddable":true,"href":"https:\/\/tvtecjundiai.com.br\/news\/wp-json\/wp\/v2\/categories?post=60294"},{"taxonomy":"post_tag","embeddable":true,"href":"https:\/\/tvtecjundiai.com.br\/news\/wp-json\/wp\/v2\/tags?post=60294"}],"curies":[{"name":"wp","href":"https:\/\/api.w.org\/{rel}","templated":true}]}}