{"id":60347,"date":"2020-07-06T11:09:25","date_gmt":"2020-07-06T14:09:25","guid":{"rendered":"https:\/\/tvtecjundiai.com.br\/news\/?p=60347"},"modified":"2020-07-06T14:26:58","modified_gmt":"2020-07-06T17:26:58","slug":"faca-um-tour-virtual-pelo-castelo-ra-tim-bum","status":"publish","type":"post","link":"https:\/\/tvtecjundiai.com.br\/news\/2020\/07\/06\/faca-um-tour-virtual-pelo-castelo-ra-tim-bum\/","title":{"rendered":"Fa\u00e7a um tour virtual pelo Castelo R\u00e1-Tim-Bum"},"content":{"rendered":"<div id=\"attachment_60351\" style=\"width: 407px\" class=\"wp-caption alignright\"><a href=\"https:\/\/tvtecjundiai.com.br\/news\/wp-content\/uploads\/sites\/2\/2020\/07\/mis-50-anos-castelo-ra-tim-bum-910x606-1.jpg\"><img loading=\"lazy\" decoding=\"async\" aria-describedby=\"caption-attachment-60351\" class=\"wp-image-60351\" src=\"https:\/\/tvtecjundiai.com.br\/news\/wp-content\/uploads\/sites\/2\/2020\/07\/mis-50-anos-castelo-ra-tim-bum-910x606-1-300x200.jpg\" alt=\"\" width=\"397\" height=\"264\" srcset=\"https:\/\/tvtecjundiai.com.br\/news\/wp-content\/uploads\/sites\/2\/2020\/07\/mis-50-anos-castelo-ra-tim-bum-910x606-1-300x200.jpg 300w, https:\/\/tvtecjundiai.com.br\/news\/wp-content\/uploads\/sites\/2\/2020\/07\/mis-50-anos-castelo-ra-tim-bum-910x606-1-768x511.jpg 768w, https:\/\/tvtecjundiai.com.br\/news\/wp-content\/uploads\/sites\/2\/2020\/07\/mis-50-anos-castelo-ra-tim-bum-910x606-1.jpg 910w\" sizes=\"auto, (max-width: 397px) 100vw, 397px\" \/><\/a><p id=\"caption-attachment-60351\" class=\"wp-caption-text\">A homenagem ao programa infantil atraiu mais de 410 mil pessoas.<\/p><\/div>\n<p>Em 2020 o Museu da Imagem e do Som (MIS-SP) completa 50 anos e, para comemorar, o p\u00fablico tem acesso a um <a href=\"http:\/\/www.fotosintese360.com.br\/tour.asp?site=http:\/\/www.fotosintese360.com.br\/tour\/ratimbum\">tour 360\u00ba da exposi\u00e7\u00e3o do Castelo R\u00e1-Tim-Bum.<\/a> A exposi\u00e7\u00e3o ficou em cartaz entre julho de 2014 e janeiro de 2015, tornando-se a mostra mais visitada da hist\u00f3ria do museu, atraindo mais de 410 mil pessoas.<\/p>\n<p>O p\u00fablico vivenciou uma experi\u00eancia l\u00fadica no museu. Al\u00e9m de percorrer 10 ambientes do Castelo R\u00e1-Tim-Bum, incluindo o quarto do Nino, a biblioteca e o escrit\u00f3rio do Dr. Vitor,\u00a0 os visitantes da mostra ainda conseguiram ver os bonecos da cobra Celeste, do monstro Mau e do Gato Pintado.<\/p>\n<p>No tour pelo Castelo-R\u00e1-Tim-Bum voc\u00ea tem a chance de se emocionar novamente com o castelo! Mesmo do conforto da sua casa \u00e9 poss\u00edvel ver (ou rever) os figurinos, os cen\u00e1rios e boa parte dos v\u00eddeos e \u00e1udios que compunham a mostra. \u00c9 uma bela viagem no tempo!<\/p>\n<p><em>(Fonte: Catraca Livre\/Foto: Reprodu\u00e7\u00e3o)<\/em><\/p>\n","protected":false},"excerpt":{"rendered":"<p>Exposi\u00e7\u00e3o ganha uma experi\u00eancia em 360\u00ba para p\u00fablico matar a saudade<\/p>\n","protected":false},"author":13,"featured_media":60352,"comment_status":"closed","ping_status":"closed","sticky":false,"template":"","format":"standard","meta":{"footnotes":""},"categories":[29,3076,1],"tags":[7510,220,7027],"class_list":["post-60347","post","type-post","status-publish","format-standard","has-post-thumbnail","hentry","category-destaque","category-entretenimento","category-noticias","tag-castelo-ra-tim-bum","tag-exposicao","tag-tour-virtual"],"_links":{"self":[{"href":"https:\/\/tvtecjundiai.com.br\/news\/wp-json\/wp\/v2\/posts\/60347","targetHints":{"allow":["GET"]}}],"collection":[{"href":"https:\/\/tvtecjundiai.com.br\/news\/wp-json\/wp\/v2\/posts"}],"about":[{"href":"https:\/\/tvtecjundiai.com.br\/news\/wp-json\/wp\/v2\/types\/post"}],"author":[{"embeddable":true,"href":"https:\/\/tvtecjundiai.com.br\/news\/wp-json\/wp\/v2\/users\/13"}],"replies":[{"embeddable":true,"href":"https:\/\/tvtecjundiai.com.br\/news\/wp-json\/wp\/v2\/comments?post=60347"}],"version-history":[{"count":5,"href":"https:\/\/tvtecjundiai.com.br\/news\/wp-json\/wp\/v2\/posts\/60347\/revisions"}],"predecessor-version":[{"id":60403,"href":"https:\/\/tvtecjundiai.com.br\/news\/wp-json\/wp\/v2\/posts\/60347\/revisions\/60403"}],"wp:featuredmedia":[{"embeddable":true,"href":"https:\/\/tvtecjundiai.com.br\/news\/wp-json\/wp\/v2\/media\/60352"}],"wp:attachment":[{"href":"https:\/\/tvtecjundiai.com.br\/news\/wp-json\/wp\/v2\/media?parent=60347"}],"wp:term":[{"taxonomy":"category","embeddable":true,"href":"https:\/\/tvtecjundiai.com.br\/news\/wp-json\/wp\/v2\/categories?post=60347"},{"taxonomy":"post_tag","embeddable":true,"href":"https:\/\/tvtecjundiai.com.br\/news\/wp-json\/wp\/v2\/tags?post=60347"}],"curies":[{"name":"wp","href":"https:\/\/api.w.org\/{rel}","templated":true}]}}