{"id":60358,"date":"2020-07-06T11:31:50","date_gmt":"2020-07-06T14:31:50","guid":{"rendered":"https:\/\/tvtecjundiai.com.br\/news\/?p=60358"},"modified":"2020-07-06T11:31:50","modified_gmt":"2020-07-06T14:31:50","slug":"compositor-italiano-ennio-morricone-morre-aos-91-anos","status":"publish","type":"post","link":"https:\/\/tvtecjundiai.com.br\/news\/2020\/07\/06\/compositor-italiano-ennio-morricone-morre-aos-91-anos\/","title":{"rendered":"Compositor italiano Ennio Morricone morre aos 91 anos"},"content":{"rendered":"<div id=\"attachment_60373\" style=\"width: 407px\" class=\"wp-caption alignleft\"><img loading=\"lazy\" decoding=\"async\" aria-describedby=\"caption-attachment-60373\" class=\"wp-image-60373\" src=\"https:\/\/tvtecjundiai.com.br\/news\/wp-content\/uploads\/sites\/2\/2020\/07\/ap20188275283942-300x210.jpg\" alt=\"\" width=\"397\" height=\"278\" srcset=\"https:\/\/tvtecjundiai.com.br\/news\/wp-content\/uploads\/sites\/2\/2020\/07\/ap20188275283942-300x210.jpg 300w, https:\/\/tvtecjundiai.com.br\/news\/wp-content\/uploads\/sites\/2\/2020\/07\/ap20188275283942-768x538.jpg 768w, https:\/\/tvtecjundiai.com.br\/news\/wp-content\/uploads\/sites\/2\/2020\/07\/ap20188275283942.jpg 1008w\" sizes=\"auto, (max-width: 397px) 100vw, 397px\" \/><p id=\"caption-attachment-60373\" class=\"wp-caption-text\">O artista ganhou dois Oscars e outros pr\u00eamios por trilhas de filmes, marcando a hist\u00f3ria do cinema<\/p><\/div>\n<p>Ennio Morricone, maestro e compositor de trilhas sonoras que marcaram a hist\u00f3ria do cinema, morreu aos 91 anos, hoje (6), na It\u00e1lia. Segundo a ag\u00eancia Reuters, o artista estava internado h\u00e1 alguns dias em uma cl\u00ednica em Roma ap\u00f3s sofrer uma queda e fraturar o f\u00eamur.<\/p>\n<div class=\"wall protected-content\">\n<div class=\"mc-column content-text active-extra-styles \" data-block-type=\"unstyled\" data-block-weight=\"53\" data-block-id=\"4\">\n<p class=\"content-text__container \" data-track-category=\"Link no Texto\" data-track-links=\"\">Um comunicado divulgado por Giorgio Assuma, advogado e amigo do artista, informa que o maestro italiano morreu &#8220;nas primeiras horas de 6 de julho no conforto de sua fam\u00edlia&#8221;. De acordo com a nota, Ennio Morricone &#8220;permaneceu l\u00facido e com grande dignidade at\u00e9 o fim&#8221; e &#8220;se despediu de sua amada esposa Maria&#8221;.<\/p>\n<\/div>\n<\/div>\n<p>Nascido em Roma em 1928, Morricone escreveu partituras para cerca de 400 filmes, mas seu nome estava mais intimamente ligado ao diretor Sergio Leone, com quem trabalhou no agora cl\u00e1ssico de faroeste &#8220;<em>Era uma vez na Am\u00e9rica<\/em>&#8220;. Ele comp\u00f4s a trilha sonora de dezenas de filmes que ajudaram a definir uma era cinematogr\u00e1fica, como &#8220;<em>O Bom, o Mau e o Feio<\/em>&#8220;, &#8220;<em>Um Punhado de D\u00f3lares<\/em>&#8220;, &#8220;<em>Cinema Paradiso<\/em>&#8221; e recebeu o Oscar por &#8220;<em>Os Oito Odiados<\/em>&#8220;, roteirizado e dirigido por Quentin Tarantino.<\/p>\n<p>Morricone trabalhou em quase todos os g\u00eaneros de filmes &#8211; do horror \u00e0 com\u00e9dia &#8211; e algumas de suas melodias s\u00e3o talvez mais famosas do que os filmes para os quais ele as escreveu.<\/p>\n<p><em>(Fonte: G1\/CNN Brasil\/Foto: Reuters \/Arquivo)<\/em><\/p>\n","protected":false},"excerpt":{"rendered":"<p>O artista ganhou dois Oscars e outros pr\u00eamios por trilhas de filmes, marcando a hist\u00f3ria do cinema<\/p>\n","protected":false},"author":18,"featured_media":60369,"comment_status":"closed","ping_status":"closed","sticky":false,"template":"","format":"standard","meta":{"footnotes":""},"categories":[1,2824],"tags":[360],"class_list":["post-60358","post","type-post","status-publish","format-standard","has-post-thumbnail","hentry","category-noticias","category-variedades","tag-cinema"],"_links":{"self":[{"href":"https:\/\/tvtecjundiai.com.br\/news\/wp-json\/wp\/v2\/posts\/60358","targetHints":{"allow":["GET"]}}],"collection":[{"href":"https:\/\/tvtecjundiai.com.br\/news\/wp-json\/wp\/v2\/posts"}],"about":[{"href":"https:\/\/tvtecjundiai.com.br\/news\/wp-json\/wp\/v2\/types\/post"}],"author":[{"embeddable":true,"href":"https:\/\/tvtecjundiai.com.br\/news\/wp-json\/wp\/v2\/users\/18"}],"replies":[{"embeddable":true,"href":"https:\/\/tvtecjundiai.com.br\/news\/wp-json\/wp\/v2\/comments?post=60358"}],"version-history":[{"count":3,"href":"https:\/\/tvtecjundiai.com.br\/news\/wp-json\/wp\/v2\/posts\/60358\/revisions"}],"predecessor-version":[{"id":60375,"href":"https:\/\/tvtecjundiai.com.br\/news\/wp-json\/wp\/v2\/posts\/60358\/revisions\/60375"}],"wp:featuredmedia":[{"embeddable":true,"href":"https:\/\/tvtecjundiai.com.br\/news\/wp-json\/wp\/v2\/media\/60369"}],"wp:attachment":[{"href":"https:\/\/tvtecjundiai.com.br\/news\/wp-json\/wp\/v2\/media?parent=60358"}],"wp:term":[{"taxonomy":"category","embeddable":true,"href":"https:\/\/tvtecjundiai.com.br\/news\/wp-json\/wp\/v2\/categories?post=60358"},{"taxonomy":"post_tag","embeddable":true,"href":"https:\/\/tvtecjundiai.com.br\/news\/wp-json\/wp\/v2\/tags?post=60358"}],"curies":[{"name":"wp","href":"https:\/\/api.w.org\/{rel}","templated":true}]}}