{"id":60410,"date":"2020-07-06T15:22:35","date_gmt":"2020-07-06T18:22:35","guid":{"rendered":"https:\/\/tvtecjundiai.com.br\/news\/?p=60410"},"modified":"2020-07-06T17:55:23","modified_gmt":"2020-07-06T20:55:23","slug":"jundiai-adota-medidas-da-fase-vermelha-a-partir-desta-segunda-6","status":"publish","type":"post","link":"https:\/\/tvtecjundiai.com.br\/news\/2020\/07\/06\/jundiai-adota-medidas-da-fase-vermelha-a-partir-desta-segunda-6\/","title":{"rendered":"Jundia\u00ed adota medidas da fase vermelha a partir desta segunda (6)"},"content":{"rendered":"<div class=\"mc-column content-text active-extra-styles \" data-block-type=\"unstyled\" data-block-weight=\"36\" data-block-id=\"2\">\n<div id=\"attachment_60411\" style=\"width: 437px\" class=\"wp-caption alignright\"><a href=\"https:\/\/tvtecjundiai.com.br\/news\/wp-content\/uploads\/sites\/2\/2020\/07\/otima-noticia-11-pessoas-ja-se-recuperaram-de-coronavirus-em-jundiai.jpg\"><img loading=\"lazy\" decoding=\"async\" aria-describedby=\"caption-attachment-60411\" class=\"wp-image-60411\" src=\"https:\/\/tvtecjundiai.com.br\/news\/wp-content\/uploads\/sites\/2\/2020\/07\/otima-noticia-11-pessoas-ja-se-recuperaram-de-coronavirus-em-jundiai-300x173.jpg\" alt=\"\" width=\"427\" height=\"246\" srcset=\"https:\/\/tvtecjundiai.com.br\/news\/wp-content\/uploads\/sites\/2\/2020\/07\/otima-noticia-11-pessoas-ja-se-recuperaram-de-coronavirus-em-jundiai-300x173.jpg 300w, https:\/\/tvtecjundiai.com.br\/news\/wp-content\/uploads\/sites\/2\/2020\/07\/otima-noticia-11-pessoas-ja-se-recuperaram-de-coronavirus-em-jundiai-768x444.jpg 768w, https:\/\/tvtecjundiai.com.br\/news\/wp-content\/uploads\/sites\/2\/2020\/07\/otima-noticia-11-pessoas-ja-se-recuperaram-de-coronavirus-em-jundiai.jpg 865w\" sizes=\"auto, (max-width: 427px) 100vw, 427px\" \/><\/a><p id=\"caption-attachment-60411\" class=\"wp-caption-text\">Apenas servi\u00e7os essenciais, como farm\u00e1cias e mercados, podem abrir as portas<\/p><\/div>\n<p data-track-category=\"Link no Texto\" data-track-links=\"\">A cidade de Jundia\u00ed, que pertence ao Departamento Regional de Sa\u00fade (DRS) de Campinas (SP), regrediu \u00e0 fase vermelha do Plano S\u00e3o Paulo e s\u00f3 pode abrir servi\u00e7os considerados essenciais a partir desta segunda-feira (6).<\/p>\n<\/div>\n<div class=\"wall protected-content\">\n<div class=\"mc-column content-text active-extra-styles \" data-block-type=\"unstyled\" data-block-weight=\"38\" data-block-id=\"3\">\n<p class=\"content-text__container \" data-track-category=\"Link no Texto\" data-track-links=\"\">Na \u00faltima semana o governo estadual anunciou, durante uma coletiva, que os munic\u00edpios deveriam tomar precau\u00e7\u00f5es mais r\u00edgidas contra o Coronav\u00edrus. Al\u00e9m de Jundia\u00ed, seis cidades da regi\u00e3o comp\u00f5em o DRS de Campinas e foram afetadas pela medida.<\/p>\n<\/div>\n<div class=\"mc-column content-text active-extra-styles \" data-block-type=\"unstyled\" data-block-weight=\"30\" data-block-id=\"4\">\n<p class=\"content-text__container \" data-track-category=\"Link no Texto\" data-track-links=\"\">Dentre as cinco fases propostas no plano, a vermelha \u00e9 a mais restritiva. Somente com\u00e9rcios considerados essenciais podem funcionar, entre eles mercados e farm\u00e1cias. Todo o restante deve permanecer fechado.<\/p>\n<div class=\"mc-column content-text active-extra-styles \" data-block-type=\"unstyled\" data-block-weight=\"24\" data-block-id=\"6\">\n<p class=\"content-text__container \" data-track-category=\"Link no Texto\" data-track-links=\"\">Segundo a prefeitura, equipes da fiscaliza\u00e7\u00e3o da Vigil\u00e2ncia Sanit\u00e1ria fazem a\u00e7\u00f5es durante todo o dia para orientar os comerciantes que n\u00e3o cumprirem as regras.<\/p>\n<\/div>\n<div class=\"mc-column content-text active-extra-styles \" data-block-type=\"unstyled\" data-block-weight=\"25\" data-block-id=\"7\">\n<p class=\"content-text__container \" data-track-category=\"Link no Texto\" data-track-links=\"\">At\u00e9 a manh\u00e3 desta segunda-feira (6), Jundia\u00ed registra 4.484 casos confirmados de Coronav\u00edrus, sendo 209 mortes. Ao todo, 3.561 pacientes j\u00e1 se recuperaram.<\/p>\n<\/div>\n<div class=\"mc-column content-text active-extra-styles \" data-block-type=\"unstyled\" data-block-weight=\"24\" data-block-id=\"8\">\n<p class=\"content-text__container \" data-track-category=\"Link no Texto\" data-track-links=\"\">Com rela\u00e7\u00e3o \u00e0 taxa de ocupa\u00e7\u00e3o, o munic\u00edpio tem 77% dos leitos de UTI na rede p\u00fablica ocupados e 84% na rede particular.<\/p>\n<p data-track-category=\"Link no Texto\" data-track-links=\"\"><em>(Fonte: G1\/Foto: Artur Henrique Imagens A\u00e9reas)<\/em><\/p>\n<\/div>\n<\/div>\n<\/div>\n","protected":false},"excerpt":{"rendered":"<p>Apenas servi\u00e7os essenciais, como farm\u00e1cias e mercados, podem abrir as portas <\/p>\n","protected":false},"author":13,"featured_media":60411,"comment_status":"closed","ping_status":"closed","sticky":false,"template":"","format":"standard","meta":{"footnotes":""},"categories":[2834,1,2839],"tags":[6242,5],"class_list":["post-60410","post","type-post","status-publish","format-standard","has-post-thumbnail","hentry","category-cidades","category-noticias","category-saude","tag-coronavirus","tag-jundiai"],"_links":{"self":[{"href":"https:\/\/tvtecjundiai.com.br\/news\/wp-json\/wp\/v2\/posts\/60410","targetHints":{"allow":["GET"]}}],"collection":[{"href":"https:\/\/tvtecjundiai.com.br\/news\/wp-json\/wp\/v2\/posts"}],"about":[{"href":"https:\/\/tvtecjundiai.com.br\/news\/wp-json\/wp\/v2\/types\/post"}],"author":[{"embeddable":true,"href":"https:\/\/tvtecjundiai.com.br\/news\/wp-json\/wp\/v2\/users\/13"}],"replies":[{"embeddable":true,"href":"https:\/\/tvtecjundiai.com.br\/news\/wp-json\/wp\/v2\/comments?post=60410"}],"version-history":[{"count":3,"href":"https:\/\/tvtecjundiai.com.br\/news\/wp-json\/wp\/v2\/posts\/60410\/revisions"}],"predecessor-version":[{"id":60437,"href":"https:\/\/tvtecjundiai.com.br\/news\/wp-json\/wp\/v2\/posts\/60410\/revisions\/60437"}],"wp:featuredmedia":[{"embeddable":true,"href":"https:\/\/tvtecjundiai.com.br\/news\/wp-json\/wp\/v2\/media\/60411"}],"wp:attachment":[{"href":"https:\/\/tvtecjundiai.com.br\/news\/wp-json\/wp\/v2\/media?parent=60410"}],"wp:term":[{"taxonomy":"category","embeddable":true,"href":"https:\/\/tvtecjundiai.com.br\/news\/wp-json\/wp\/v2\/categories?post=60410"},{"taxonomy":"post_tag","embeddable":true,"href":"https:\/\/tvtecjundiai.com.br\/news\/wp-json\/wp\/v2\/tags?post=60410"}],"curies":[{"name":"wp","href":"https:\/\/api.w.org\/{rel}","templated":true}]}}