{"id":60553,"date":"2020-07-08T08:19:43","date_gmt":"2020-07-08T11:19:43","guid":{"rendered":"https:\/\/tvtecjundiai.com.br\/news\/?p=60553"},"modified":"2020-07-08T08:33:15","modified_gmt":"2020-07-08T11:33:15","slug":"jundiai-atinge-76-de-ocupacao-de-leitos-de-uti-para-covid-19","status":"publish","type":"post","link":"https:\/\/tvtecjundiai.com.br\/news\/2020\/07\/08\/jundiai-atinge-76-de-ocupacao-de-leitos-de-uti-para-covid-19\/","title":{"rendered":"Jundia\u00ed atinge 76% de ocupa\u00e7\u00e3o de leitos p\u00fablicos de UTI para Covid-19"},"content":{"rendered":"<div id=\"attachment_60554\" style=\"width: 421px\" class=\"wp-caption alignright\"><a href=\"https:\/\/tvtecjundiai.com.br\/news\/wp-content\/uploads\/sites\/2\/2020\/07\/sao-vicente-faz-mudancas-para-reduzir-o-fluxo-de-pessoas-no-hospital.jpg\"><img loading=\"lazy\" decoding=\"async\" aria-describedby=\"caption-attachment-60554\" class=\"wp-image-60554\" src=\"https:\/\/tvtecjundiai.com.br\/news\/wp-content\/uploads\/sites\/2\/2020\/07\/sao-vicente-faz-mudancas-para-reduzir-o-fluxo-de-pessoas-no-hospital-300x169.jpg\" alt=\"\" width=\"411\" height=\"232\" srcset=\"https:\/\/tvtecjundiai.com.br\/news\/wp-content\/uploads\/sites\/2\/2020\/07\/sao-vicente-faz-mudancas-para-reduzir-o-fluxo-de-pessoas-no-hospital-300x169.jpg 300w, https:\/\/tvtecjundiai.com.br\/news\/wp-content\/uploads\/sites\/2\/2020\/07\/sao-vicente-faz-mudancas-para-reduzir-o-fluxo-de-pessoas-no-hospital-768x432.jpg 768w, https:\/\/tvtecjundiai.com.br\/news\/wp-content\/uploads\/sites\/2\/2020\/07\/sao-vicente-faz-mudancas-para-reduzir-o-fluxo-de-pessoas-no-hospital.jpg 984w\" sizes=\"auto, (max-width: 411px) 100vw, 411px\" \/><\/a><p id=\"caption-attachment-60554\" class=\"wp-caption-text\">Atualiza\u00e7\u00e3o \u00e9 feita no Informe Epidemiol\u00f3gico sobre a situa\u00e7\u00e3o do Coronav\u00edrus na cidade<\/p><\/div>\n<p>A Unidade de Promo\u00e7\u00e3o da Sa\u00fade, por meio da Vigil\u00e2ncia Epidemiol\u00f3gica, informa que diferente do divulgado, nesta ter\u00e7a-feira (7), na atualiza\u00e7\u00e3o do Informe Epidemiol\u00f3gico sobre a situa\u00e7\u00e3o do Coronav\u00edrus em Jundia\u00ed, o quadro referente \u00e0 \u201cTaxa de Ocupa\u00e7\u00e3o dos Leitos P\u00fablicos de UTI\u201d \u00e9 de 76%, n\u00e3o de 86%. Todos as demais informa\u00e7\u00f5es salientadas est\u00e3o corretas.<\/p>\n<p>De acordo com o setor de Sa\u00fade, a retifica\u00e7\u00e3o ser\u00e1 providenciada nesta quarta-feira (8) no portal da Prefeitura de Jundia\u00ed, bem como nas redes sociais do governo.<\/p>\n<p><em>(Fonte: Assessoria de Comunica\u00e7\u00e3o da Prefeitura de Jundia\u00ed\/Foto: Reprodu\u00e7\u00e3o)<\/em><\/p>\n","protected":false},"excerpt":{"rendered":"<p>Atualiza\u00e7\u00e3o \u00e9 feita no Informe Epidemiol\u00f3gico sobre a situa\u00e7\u00e3o do Coronav\u00edrus na cidade<\/p>\n","protected":false},"author":13,"featured_media":60554,"comment_status":"closed","ping_status":"closed","sticky":false,"template":"","format":"standard","meta":{"footnotes":""},"categories":[2834,1],"tags":[6242,5,7532],"class_list":["post-60553","post","type-post","status-publish","format-standard","has-post-thumbnail","hentry","category-cidades","category-noticias","tag-coronavirus","tag-jundiai","tag-leitos-publicos"],"_links":{"self":[{"href":"https:\/\/tvtecjundiai.com.br\/news\/wp-json\/wp\/v2\/posts\/60553","targetHints":{"allow":["GET"]}}],"collection":[{"href":"https:\/\/tvtecjundiai.com.br\/news\/wp-json\/wp\/v2\/posts"}],"about":[{"href":"https:\/\/tvtecjundiai.com.br\/news\/wp-json\/wp\/v2\/types\/post"}],"author":[{"embeddable":true,"href":"https:\/\/tvtecjundiai.com.br\/news\/wp-json\/wp\/v2\/users\/13"}],"replies":[{"embeddable":true,"href":"https:\/\/tvtecjundiai.com.br\/news\/wp-json\/wp\/v2\/comments?post=60553"}],"version-history":[{"count":3,"href":"https:\/\/tvtecjundiai.com.br\/news\/wp-json\/wp\/v2\/posts\/60553\/revisions"}],"predecessor-version":[{"id":60561,"href":"https:\/\/tvtecjundiai.com.br\/news\/wp-json\/wp\/v2\/posts\/60553\/revisions\/60561"}],"wp:featuredmedia":[{"embeddable":true,"href":"https:\/\/tvtecjundiai.com.br\/news\/wp-json\/wp\/v2\/media\/60554"}],"wp:attachment":[{"href":"https:\/\/tvtecjundiai.com.br\/news\/wp-json\/wp\/v2\/media?parent=60553"}],"wp:term":[{"taxonomy":"category","embeddable":true,"href":"https:\/\/tvtecjundiai.com.br\/news\/wp-json\/wp\/v2\/categories?post=60553"},{"taxonomy":"post_tag","embeddable":true,"href":"https:\/\/tvtecjundiai.com.br\/news\/wp-json\/wp\/v2\/tags?post=60553"}],"curies":[{"name":"wp","href":"https:\/\/api.w.org\/{rel}","templated":true}]}}