{"id":60642,"date":"2020-07-08T16:48:46","date_gmt":"2020-07-08T19:48:46","guid":{"rendered":"https:\/\/tvtecjundiai.com.br\/news\/?p=60642"},"modified":"2020-07-08T17:09:11","modified_gmt":"2020-07-08T20:09:11","slug":"menina-com-paralisia-cerebral-faz-ballet-e-melhora-movimentos","status":"publish","type":"post","link":"https:\/\/tvtecjundiai.com.br\/news\/2020\/07\/08\/menina-com-paralisia-cerebral-faz-ballet-e-melhora-movimentos\/","title":{"rendered":"Menina com paralisia cerebral faz ballet e melhora movimentos"},"content":{"rendered":"<div id=\"attachment_60650\" style=\"width: 417px\" class=\"wp-caption alignright\"><a href=\"https:\/\/tvtecjundiai.com.br\/news\/wp-content\/uploads\/sites\/2\/2020\/07\/menina-bale-paralisia-close-696x487-2.jpg\"><img loading=\"lazy\" decoding=\"async\" aria-describedby=\"caption-attachment-60650\" class=\"wp-image-60650\" src=\"https:\/\/tvtecjundiai.com.br\/news\/wp-content\/uploads\/sites\/2\/2020\/07\/menina-bale-paralisia-close-696x487-2-300x210.jpg\" alt=\"\" width=\"407\" height=\"285\" srcset=\"https:\/\/tvtecjundiai.com.br\/news\/wp-content\/uploads\/sites\/2\/2020\/07\/menina-bale-paralisia-close-696x487-2-300x210.jpg 300w, https:\/\/tvtecjundiai.com.br\/news\/wp-content\/uploads\/sites\/2\/2020\/07\/menina-bale-paralisia-close-696x487-2.jpg 696w\" sizes=\"auto, (max-width: 407px) 100vw, 407px\" \/><\/a><p id=\"caption-attachment-60650\" class=\"wp-caption-text\">Maria recebeu o diagnostico ap\u00f3s sofrer um AVC intrauterino aos dois meses<\/p><\/div>\n<p>Nascida em Contagem, Minas Gerais, aos dois meses de vida Maria foi diagnosticada com paralisia cerebral ap\u00f3s sofrer um AVC intrauterino. A pequena, que tem hoje cinco anos, adora dan\u00e7ar ballet e talvez ainda n\u00e3o compreenda direito como a dan\u00e7a tem contribu\u00eddo para melhorar os seus movimentos corporais.<\/p>\n<p>Com roupinha de bailarina, sapatilhas e cabelos cuidadosamente arrumados para as aulas, ela vem superando muitas dificuldades. \u201cEla tem o lado direito comprometido, e faz acompanhamento com fisioterapeuta, terapeuta ocupacional, ortopedista e neurologista, e h\u00e1 dois anos \u00e9 acompanhada pelo Hospital Sarah Kubitscheck, refer\u00eancia em reabilita\u00e7\u00e3o. Maria evoluiu muito com a ajuda destes profissionais! Ela usa uma \u00f3rtese na perna direita, para acertar a marcha, e evitar que o p\u00e9 fique t\u00e3o para dentro, mas sabemos que sempre ficar\u00e1 a sequela\u201d, contou a m\u00e3e, Carmem.<\/p>\n<p>Antes do bal\u00e9, Maria n\u00e3o conseguia se levantar e ca\u00eda com frequ\u00eancia. \u201cA cada tombo (o equil\u00edbrio n\u00e3o \u00e9 perfeito \u2013 mas j\u00e1 melhorou muito), t\u00ednhamos que levant\u00e1-la. Ou a cada atividade sentada, t\u00ednhamos que coloc\u00e1-la de p\u00e9\u201d. Lembra Carmem.<\/p>\n<p><strong>C\u00e9u \u00e9 o limite<\/strong><\/p>\n<p>E como o c\u00e9u \u00e9 o limite, al\u00e9m do ballet, Maria faz nata\u00e7\u00e3o e jud\u00f4. Ama esportes, fotografia e desfilar. Ali\u00e1s, sonha em ser modelo. \u201cEu relutava e tentava mudar o foco da conversa. At\u00e9 que um dia de madrugada, eu perdi o sono e comecei a pensar nisso\u2026 e cheguei a seguinte conclus\u00e3o: Maria come, Maria veste, Maria cal\u00e7a, Maria usa qualquer acess\u00f3rio como qualquer outra pessoa. Por que ela n\u00e3o poderia de fato ser modelo? Foi a\u00ed que buscamos por essa oportunidade!\u201d<\/p>\n<p>J\u00e1 agenciada, a menina aguarda para fazer o primeiro trabalho como modelo. \u201cQuando eu olho o seu desenvolvimento de l\u00e1 para c\u00e1, eu me sinto com a sensa\u00e7\u00e3o de dever cumprido e, ao mesmo tempo, ciente de que temos um longo caminho a percorrer. A paralisia cerebral n\u00e3o tem cura, mas com acompanhamento e dedica\u00e7\u00e3o, o progresso \u00e9 grande\u201d, afirmou.<\/p>\n<p><a href=\"https:\/\/www.instagram.com\/tv\/CCUKF0RAcsL\/?utm_source=ig_embed\">https:\/\/www.instagram.com\/tv\/CCUKF0RAcsL\/?utm_source=ig_embed<\/a><\/p>\n<p><em>(Fonte: Raz\u00f5es Para Acreditar\/Foto: Reprodu\u00e7\u00e3o)<\/em><\/p>\n","protected":false},"excerpt":{"rendered":"<p>Maria recebeu o diagnostico ap\u00f3s sofrer um AVC intrauterino aos dois meses<\/p>\n","protected":false},"author":13,"featured_media":60648,"comment_status":"closed","ping_status":"closed","sticky":false,"template":"","format":"standard","meta":{"footnotes":""},"categories":[1,2839],"tags":[5294,927,4773],"class_list":["post-60642","post","type-post","status-publish","format-standard","has-post-thumbnail","hentry","category-noticias","category-saude","tag-ballet","tag-crianca","tag-paralisia-cerebral"],"_links":{"self":[{"href":"https:\/\/tvtecjundiai.com.br\/news\/wp-json\/wp\/v2\/posts\/60642","targetHints":{"allow":["GET"]}}],"collection":[{"href":"https:\/\/tvtecjundiai.com.br\/news\/wp-json\/wp\/v2\/posts"}],"about":[{"href":"https:\/\/tvtecjundiai.com.br\/news\/wp-json\/wp\/v2\/types\/post"}],"author":[{"embeddable":true,"href":"https:\/\/tvtecjundiai.com.br\/news\/wp-json\/wp\/v2\/users\/13"}],"replies":[{"embeddable":true,"href":"https:\/\/tvtecjundiai.com.br\/news\/wp-json\/wp\/v2\/comments?post=60642"}],"version-history":[{"count":5,"href":"https:\/\/tvtecjundiai.com.br\/news\/wp-json\/wp\/v2\/posts\/60642\/revisions"}],"predecessor-version":[{"id":60662,"href":"https:\/\/tvtecjundiai.com.br\/news\/wp-json\/wp\/v2\/posts\/60642\/revisions\/60662"}],"wp:featuredmedia":[{"embeddable":true,"href":"https:\/\/tvtecjundiai.com.br\/news\/wp-json\/wp\/v2\/media\/60648"}],"wp:attachment":[{"href":"https:\/\/tvtecjundiai.com.br\/news\/wp-json\/wp\/v2\/media?parent=60642"}],"wp:term":[{"taxonomy":"category","embeddable":true,"href":"https:\/\/tvtecjundiai.com.br\/news\/wp-json\/wp\/v2\/categories?post=60642"},{"taxonomy":"post_tag","embeddable":true,"href":"https:\/\/tvtecjundiai.com.br\/news\/wp-json\/wp\/v2\/tags?post=60642"}],"curies":[{"name":"wp","href":"https:\/\/api.w.org\/{rel}","templated":true}]}}