{"id":60710,"date":"2020-07-09T11:27:37","date_gmt":"2020-07-09T14:27:37","guid":{"rendered":"https:\/\/tvtecjundiai.com.br\/news\/?p=60710"},"modified":"2020-07-09T11:36:47","modified_gmt":"2020-07-09T14:36:47","slug":"confira-20-habitos-positivos-a-serem-mantidos-apos-a-pandemia","status":"publish","type":"post","link":"https:\/\/tvtecjundiai.com.br\/news\/2020\/07\/09\/confira-20-habitos-positivos-a-serem-mantidos-apos-a-pandemia\/","title":{"rendered":"Confira 20 h\u00e1bitos positivos a serem mantidos ap\u00f3s a pandemia"},"content":{"rendered":"<div id=\"attachment_60715\" style=\"width: 407px\" class=\"wp-caption alignright\"><a href=\"https:\/\/tvtecjundiai.com.br\/news\/wp-content\/uploads\/sites\/2\/2020\/07\/habitos-positivos-close-696x487-1.jpg\"><img loading=\"lazy\" decoding=\"async\" aria-describedby=\"caption-attachment-60715\" class=\"wp-image-60715\" src=\"https:\/\/tvtecjundiai.com.br\/news\/wp-content\/uploads\/sites\/2\/2020\/07\/habitos-positivos-close-696x487-1-300x210.jpg\" alt=\"\" width=\"397\" height=\"278\" srcset=\"https:\/\/tvtecjundiai.com.br\/news\/wp-content\/uploads\/sites\/2\/2020\/07\/habitos-positivos-close-696x487-1-300x210.jpg 300w, https:\/\/tvtecjundiai.com.br\/news\/wp-content\/uploads\/sites\/2\/2020\/07\/habitos-positivos-close-696x487-1.jpg 696w\" sizes=\"auto, (max-width: 397px) 100vw, 397px\" \/><\/a><p id=\"caption-attachment-60715\" class=\"wp-caption-text\">Os sentimentos de gratid\u00e3o e empatia ficaram ainda mais aflorados<\/p><\/div>\n<p>Diante da pandemia do Coronav\u00edrus, boa parte da popula\u00e7\u00e3o passou a adotar diferentes h\u00e1bitos positivos que agora se apresentam de forma rotineira e s\u00e3o assimilados como algo a ser mantido por muito tempo.<\/p>\n<p>A preven\u00e7\u00e3o fez com que v\u00edcios comuns fossem deixados de lado, outros aprenderam a economizar, cozinhar em casa e reduzir os gastos, comprando apenas o essencial.<\/p>\n<p>J\u00e1 no quesito higiene, a lavagem das m\u00e3os de forma correta, e mais vezes ao dia, ganhou destaque seguido de &#8216;sapato de casa e sapato da rua&#8217;, &#8216;roupa de casa e roupa da rua&#8217;, evitando assim a contamina\u00e7\u00e3o dom\u00e9stica.<\/p>\n<p>Os sentimentos de gratid\u00e3o, empatia, valoriza\u00e7\u00e3o da fam\u00edlia e outras pessoas amadas, tamb\u00e9m ficaram ainda mais aflorados. Na lista abaixo, voc\u00ea confere os <em>&#8216;h\u00e1bitos positivos mais comuns durante a pandemia&#8217;,<\/em> de acordo com uma enquete feita no Instagram do Portal S\u00f3 Not\u00edcia Boa.<\/p>\n<ul>\n<li>Economizar e s\u00f3 comprar o necess\u00e1rio \/ controlar consumismo<\/li>\n<li>Cozinhar em casa \/ fazer refei\u00e7\u00f5es em fam\u00edlia<\/li>\n<li>Evitar desperd\u00edcio<\/li>\n<li>Higienizar as m\u00e3os v\u00e1rias vezes ao dia<\/li>\n<li>Parar de roer unha \/colocar dedo no nariz<\/li>\n<li>Parar de fumar<\/li>\n<li>Higienizar o celular, sacolas e alimentos trazidos do mercado<\/li>\n<li>Comprar do com\u00e9rcio local<\/li>\n<li>Reduzir consumo de carne \/ Segunda-feira sem carne<\/li>\n<li>Pagar tudo pela internet<\/li>\n<li>Organizar o quarto, guarda-roupas, estudos<\/li>\n<li>Aprender a trabalhar em casa\/home office<\/li>\n<li>Sapato de casa e sapato de rua \/ roupa de casa e roupa de rua<\/li>\n<li>Plantar e cuidar das plantas<\/li>\n<li>Leitura de livros<\/li>\n<li>Dizer eu te amo<\/li>\n<li>Gratid\u00e3o pela vida e pela sa\u00fade<\/li>\n<li>Valorizar fam\u00edlia e amigos \/ aproveitar o tempo com os filhos \/ brincar<\/li>\n<li>Valorizar o abra\u00e7o<\/li>\n<li>Rezar\/orar\/meditar<\/li>\n<li>Perdoar \/ ser mais paciente \/ tolerante \/ brigar menos<\/li>\n<li>Ter empatia<\/li>\n<li>Ser mais solid\u00e1rio \/ ajudar<\/li>\n<\/ul>\n<p>E para voc\u00ea, faltou algum?<\/p>\n<p><em>(Fonte: S\u00f3 Not\u00edcia Boa\/Foto: Pixabay)<\/em><\/p>\n","protected":false},"excerpt":{"rendered":"<p>Os sentimentos de gratid\u00e3o e empatia ficaram ainda mais aflorados <\/p>\n","protected":false},"author":13,"featured_media":60715,"comment_status":"closed","ping_status":"closed","sticky":false,"template":"","format":"standard","meta":{"footnotes":""},"categories":[1,2839],"tags":[11,6242,7544,6511,6],"class_list":["post-60710","post","type-post","status-publish","format-standard","has-post-thumbnail","hentry","category-noticias","category-saude","tag-bem-estar","tag-coronavirus","tag-habitos-saudaveis","tag-pandemia","tag-saude"],"_links":{"self":[{"href":"https:\/\/tvtecjundiai.com.br\/news\/wp-json\/wp\/v2\/posts\/60710","targetHints":{"allow":["GET"]}}],"collection":[{"href":"https:\/\/tvtecjundiai.com.br\/news\/wp-json\/wp\/v2\/posts"}],"about":[{"href":"https:\/\/tvtecjundiai.com.br\/news\/wp-json\/wp\/v2\/types\/post"}],"author":[{"embeddable":true,"href":"https:\/\/tvtecjundiai.com.br\/news\/wp-json\/wp\/v2\/users\/13"}],"replies":[{"embeddable":true,"href":"https:\/\/tvtecjundiai.com.br\/news\/wp-json\/wp\/v2\/comments?post=60710"}],"version-history":[{"count":4,"href":"https:\/\/tvtecjundiai.com.br\/news\/wp-json\/wp\/v2\/posts\/60710\/revisions"}],"predecessor-version":[{"id":60729,"href":"https:\/\/tvtecjundiai.com.br\/news\/wp-json\/wp\/v2\/posts\/60710\/revisions\/60729"}],"wp:featuredmedia":[{"embeddable":true,"href":"https:\/\/tvtecjundiai.com.br\/news\/wp-json\/wp\/v2\/media\/60715"}],"wp:attachment":[{"href":"https:\/\/tvtecjundiai.com.br\/news\/wp-json\/wp\/v2\/media?parent=60710"}],"wp:term":[{"taxonomy":"category","embeddable":true,"href":"https:\/\/tvtecjundiai.com.br\/news\/wp-json\/wp\/v2\/categories?post=60710"},{"taxonomy":"post_tag","embeddable":true,"href":"https:\/\/tvtecjundiai.com.br\/news\/wp-json\/wp\/v2\/tags?post=60710"}],"curies":[{"name":"wp","href":"https:\/\/api.w.org\/{rel}","templated":true}]}}