{"id":6092,"date":"2018-02-06T08:32:48","date_gmt":"2018-02-06T10:32:48","guid":{"rendered":"https:\/\/tvtecjundiai.com.br\/news\/?p=6092"},"modified":"2018-02-06T08:35:09","modified_gmt":"2018-02-06T10:35:09","slug":"economia-pat-divulga-vagas-disponiveis-em-jundiai-e-regiao-6-2","status":"publish","type":"post","link":"https:\/\/tvtecjundiai.com.br\/news\/2018\/02\/06\/economia-pat-divulga-vagas-disponiveis-em-jundiai-e-regiao-6-2\/","title":{"rendered":"Economia: PAT divulga vagas dispon\u00edveis em Jundia\u00ed e regi\u00e3o (6)"},"content":{"rendered":"<p>Confira as vagas<\/p>\n<ul>\n<li><strong>Auxiliar de Armazenamento<\/strong>\u00a0(liberado em 05\/02\/2018) \u2013 6 meses de experiencia n\u00e3o em CTPS; ensino m\u00e9dio incompleto; somente candidatos de Jundia\u00ed e V\u00e1rzea Paulista.<\/li>\n<li><strong>Auxiliar de Armazenamento &#8211; Vaga exclusiva PCD<\/strong>\u00a0(liberado em 01\/02\/2018) \u2013 6 meses de experiencia n\u00e3o em CTPS; ensino fundamental incompleto; somente candidatos de Jundia\u00ed e Louveira.<\/li>\n<li><strong>Auxiliar de Enfermagem<\/strong>\u00a0(liberado em 29\/01\/2018) \u2013 6 meses de experiencia n\u00e3o em CTPS; ensino m\u00e9dio completo; com curso conclu\u00eddo; Coren Ativo; atendimento Home Care.<\/li>\n<li><strong>Auxiliar de limpeza<\/strong>\u00a0(liberado em 05\/02\/2018) \u2013 6 meses de experiencia em CTPS; ensino fundamental completo; somente candidatos de Jundia\u00ed.<\/li>\n<li><strong>Barman<\/strong>\u00a0(liberado em 02\/02\/2018) \u2013 6 meses de experi\u00eancia em CTPS; ensino fundamental completo; somente candidatos de Jundia\u00ed.<\/li>\n<li><strong>Conferente de Log\u00edstica<\/strong>\u00a0(liberado em 05\/02\/2018) \u2013 6 meses de experiencia em CTPS; ensino m\u00e9dio completo; somente candidatos de Jundia\u00ed e V\u00e1rzea Paulista.<\/li>\n<li><strong>Enfermeiro<\/strong>\u00a0(liberado em 29\/01\/2018) \u2013 6 meses de experi\u00eancia n\u00e3o em CTPS, ensino superior completo de enfermagem, necess\u00e1rio COREN ativo, atendimento Home Care.<\/li>\n<li><strong>Fisioterapeuta Geral<\/strong>\u00a0(liberado em 29\/01\/2018) \u2013 6 meses de experiencia n\u00e3o em CTPS; ensino superior completo em fisioterapia; Crefito Ativo; atendimento Home Care.<\/li>\n<li><strong>Fonoaudi\u00f3logo Geral<\/strong>\u00a0(liberado em 29\/01\/2018) \u2013 6 meses de experiencia n\u00e3o em CTPS; ensino superior completo fonoaudiologia; atendimento Home Care; conselho ativo Estado de S\u00e3o Paulo.<\/li>\n<li><strong>Funileiro de Ve\u00edculos (Repara\u00e7\u00e3o)<\/strong>\u00a0(liberado em 05\/02\/2018) \u2013 6 meses de experi\u00eancia em CTPS; ensino fundamental incompleto; curso NR 35; conhecimento em pintura automotiva.<\/li>\n<li><strong>Gar\u00e7om<\/strong>\u00a0(liberado em 02\/02\/2018) \u2013 6 meses de experi\u00eancia em CTPS; ensino fundamental completo; somente candidatos de Jundia\u00ed.<\/li>\n<li><strong>Instalador de Equipamentos de Comunica\u00e7\u00e3o<\/strong>\u00a0(liberado em 29\/01\/2018) \u2013 3 meses de experi\u00eancia n\u00e3o CTPS; ensino fundamental completo; atuar\u00e1 instala\u00e7\u00e3o de manuten\u00e7\u00e3o de TV a cabo e Internet, passagem de fios, testes e configurar canais; necess\u00e1rio CNH.<\/li>\n<li><strong>L\u00edder de Servi\u00e7o de limpeza<\/strong>\u00a0(liberado em 02\/02\/2018) \u2013 6 meses de experi\u00eancia em CTPS; ensino m\u00e9dio completo; somente candidatos de Jundia\u00ed e V\u00e1rzea Paulista e Campo Limpo Paulista.<\/li>\n<li><strong>Motorista Carreteiro<\/strong>\u00a0(liberado em 02\/02\/2018) \u2013 6 meses de experi\u00eancia em CTPS; ensino fundamental incompleto; curso MOOP atualizado; somente candidatos de Jundia\u00ed e Cabre\u00fava.<\/li>\n<li><strong>Operador de Inspe\u00e7\u00e3o de Qualidade<\/strong>\u00a0(liberado em 02\/02\/2018) \u2013 6 meses de experi\u00eancia em CTPS; ensino m\u00e9dio completo; somente candidatos de Jundia\u00ed e Itupeva.<\/li>\n<li><strong>Porteiro<\/strong>\u00a0(liberado em 05\/02\/2018) \u2013 6 meses de experiencia em CTPS; ensino m\u00e9dio incompleto; ter no\u00e7\u00f5es de inform\u00e1tica; somente candidatos de Jundia\u00ed.<\/li>\n<li><strong>T\u00e9cnico de Enfermagem<\/strong>\u00a0(liberado em 29\/01\/2018) \u2013 6 meses de experi\u00eancia, n\u00e3o em CTPS; ensino m\u00e9dio completo; necess\u00e1rio ter Coren Ativo; obrigat\u00f3rio ter curso na \u00e1rea de enfermagem.<\/li>\n<li><strong>Vendedor Interno<\/strong>\u00a0(liberado em 05\/02\/2018) \u2013 6 meses de experiencia em CTPS; ensino m\u00e9dio completo; conhecimento em inform\u00e1tica; somente candidatos de Jundia\u00ed.<\/li>\n<li><strong>Vendedor Pracista<\/strong>\u00a0(liberado em 05\/02\/2018) \u2013 6 meses de experiencia em CTPS; ensino m\u00e9dio completo; com ve\u00edculo pr\u00f3prio e no\u00e7\u00f5es e informatica; experi\u00eancia com vedas externas.<\/li>\n<li><strong>Zelador<\/strong>\u00a0(liberado em 05\/02\/2018) \u2013 6 meses de experiencia em CTPS; ensino m\u00e9dio completo; no\u00e7\u00f5es em informatica; somente candidatos de Jundia\u00ed.<\/li>\n<\/ul>\n<p>Os interessados devem comparecer \u00e0 rua Zacarias de Goes, 530 \u2013 Centro. O atendimento do PAT Jundia\u00ed \u00e9 feito de segunda a sexta-feira, das 8 \u00e0s 16h30 horas. \u00c9 necess\u00e1rio levar RG, CPF, carteira de trabalho, PIS ou cart\u00e3o do cidad\u00e3o.<\/p>\n<p>\u00daltima atualiza\u00e7\u00e3o em\u00a006\/02\/2018 08:16<\/p>\n<p><em>(Fonte: Prefeitura de Jundia\u00ed)<\/em><\/p>\n","protected":false},"excerpt":{"rendered":"<p>Pode haver altera\u00e7\u00e3o no quadro de disponibilidade durante a semana<\/p>\n","protected":false},"author":11,"featured_media":5029,"comment_status":"closed","ping_status":"closed","sticky":false,"template":"","format":"standard","meta":{"footnotes":""},"categories":[29,1],"tags":[286,37,39,253,185,43],"class_list":["post-6092","post","type-post","status-publish","format-standard","has-post-thumbnail","hentry","category-destaque","category-noticias","tag-carteira-de-trabalho","tag-emprego","tag-pat","tag-pat-de-jundiai","tag-trabalho","tag-vagas-de-emprego"],"_links":{"self":[{"href":"https:\/\/tvtecjundiai.com.br\/news\/wp-json\/wp\/v2\/posts\/6092","targetHints":{"allow":["GET"]}}],"collection":[{"href":"https:\/\/tvtecjundiai.com.br\/news\/wp-json\/wp\/v2\/posts"}],"about":[{"href":"https:\/\/tvtecjundiai.com.br\/news\/wp-json\/wp\/v2\/types\/post"}],"author":[{"embeddable":true,"href":"https:\/\/tvtecjundiai.com.br\/news\/wp-json\/wp\/v2\/users\/11"}],"replies":[{"embeddable":true,"href":"https:\/\/tvtecjundiai.com.br\/news\/wp-json\/wp\/v2\/comments?post=6092"}],"version-history":[{"count":3,"href":"https:\/\/tvtecjundiai.com.br\/news\/wp-json\/wp\/v2\/posts\/6092\/revisions"}],"predecessor-version":[{"id":6095,"href":"https:\/\/tvtecjundiai.com.br\/news\/wp-json\/wp\/v2\/posts\/6092\/revisions\/6095"}],"wp:featuredmedia":[{"embeddable":true,"href":"https:\/\/tvtecjundiai.com.br\/news\/wp-json\/wp\/v2\/media\/5029"}],"wp:attachment":[{"href":"https:\/\/tvtecjundiai.com.br\/news\/wp-json\/wp\/v2\/media?parent=6092"}],"wp:term":[{"taxonomy":"category","embeddable":true,"href":"https:\/\/tvtecjundiai.com.br\/news\/wp-json\/wp\/v2\/categories?post=6092"},{"taxonomy":"post_tag","embeddable":true,"href":"https:\/\/tvtecjundiai.com.br\/news\/wp-json\/wp\/v2\/tags?post=6092"}],"curies":[{"name":"wp","href":"https:\/\/api.w.org\/{rel}","templated":true}]}}