{"id":61141,"date":"2020-07-13T12:51:27","date_gmt":"2020-07-13T15:51:27","guid":{"rendered":"https:\/\/tvtecjundiai.com.br\/news\/?p=61141"},"modified":"2020-07-16T16:25:32","modified_gmt":"2020-07-16T19:25:32","slug":"artistas-dao-um-o-la-de-casa-e-mostram-trabalho-em-isolamento-social","status":"publish","type":"post","link":"https:\/\/tvtecjundiai.com.br\/news\/2020\/07\/13\/artistas-dao-um-o-la-de-casa-e-mostram-trabalho-em-isolamento-social\/","title":{"rendered":"Artistas d\u00e3o um \u201c\u00d3 L\u00e1 de Casa!\u201d e mostram trabalho em isolamento social"},"content":{"rendered":"<p>Numa parceria entre a Unidade de Gest\u00e3o da Cultura (UGC) e a TVTEC Jundia\u00ed, os trabalhos art\u00edsticos selecionados pelo edital \u201c\u00d3 L\u00e1 de Casa!\u201d passam a ser exibidos como conte\u00fado na grade da TVTEC, no canal 24 da NET, e nas redes sociais. A proposta \u00e9 mais uma iniciativa do programa <a href=\"https:\/\/jundiai.sp.gov.br\/coronavirus\/\" target=\"_blank\" rel=\"noopener noreferrer\">Jundia\u00ed Empreendedora<\/a> para o est\u00edmulo da produ\u00e7\u00e3o art\u00edstica no Munic\u00edpio durante o per\u00edodo de isolamento, com contribui\u00e7\u00e3o do Conselho Municipal de Pol\u00edtica Cultural (CMPC).<\/p>\n<div id=\"attachment_61142\" style=\"width: 491px\" class=\"wp-caption alignright\"><img loading=\"lazy\" decoding=\"async\" aria-describedby=\"caption-attachment-61142\" class=\"wp-image-61142 \" src=\"https:\/\/tvtecjundiai.com.br\/news\/wp-content\/uploads\/sites\/2\/2020\/07\/mosaico_oladecasa-1280x454-1-300x106.png\" alt=\"\" width=\"481\" height=\"170\" srcset=\"https:\/\/tvtecjundiai.com.br\/news\/wp-content\/uploads\/sites\/2\/2020\/07\/mosaico_oladecasa-1280x454-1-300x106.png 300w, https:\/\/tvtecjundiai.com.br\/news\/wp-content\/uploads\/sites\/2\/2020\/07\/mosaico_oladecasa-1280x454-1-1200x426.png 1200w, https:\/\/tvtecjundiai.com.br\/news\/wp-content\/uploads\/sites\/2\/2020\/07\/mosaico_oladecasa-1280x454-1-768x272.png 768w, https:\/\/tvtecjundiai.com.br\/news\/wp-content\/uploads\/sites\/2\/2020\/07\/mosaico_oladecasa-1280x454-1.png 1280w\" sizes=\"auto, (max-width: 481px) 100vw, 481px\" \/><p id=\"caption-attachment-61142\" class=\"wp-caption-text\">Atra\u00e7\u00f5es est\u00e3o no YouTube da TVTEC e nas redes sociais da Cultura e da Prefeitura<\/p><\/div>\n<p>Lan\u00e7ado em maio pela UGC, o edital era voltado a artistas e outros profissionais de Cultura jundiaienses, que deveriam inscrever propostas in\u00e9ditas em v\u00eddeo e outros arquivos digitais. \u201cA proposta era apoiar os profissionais de economia criativa, do setor cultural da cidade, impactados seriamente pelos reflexos negativos da pandemia, al\u00e9m de criar conte\u00fados com os trabalhos de artistas locais para que o p\u00fablico pudesse assistir durante o isolamento social. Tudo isso com o apoio da TVTEC e das redes da Prefeitura na divulga\u00e7\u00e3o\u201d, comenta o diretor do Departamento de Cultura da UGC, Jo\u00e3o Carlos De Luca<\/p>\n<p><strong>Programas in\u00e9ditos<\/strong><\/p>\n<p>At\u00e9 o m\u00eas de dezembro, a TVTEC exibe os programas in\u00e9ditos, \u00e0s ter\u00e7as e quintas-feiras, a partir das 12h30, em seu Canal 24 da NET. Cada epis\u00f3dio trar\u00e1 os v\u00eddeos enviados pelos artistas jundiaienses e selecionados pelo edital. Al\u00e9m de reprises em diversos hor\u00e1rios no canal ao longo da semana, os programas ficar\u00e3o tamb\u00e9m dispon\u00edveis no <a href=\"https:\/\/www.youtube.com\/playlist?list=PL55Jvjz-3jrjuwjhW8lrcCZWNvmnDgJCx\" target=\"_blank\" rel=\"noopener noreferrer\">YouTube <\/a>da TVTEC e nas p\u00e1ginas da Cultura no <a href=\"https:\/\/www.facebook.com\/culturajundiai\" target=\"_blank\" rel=\"noopener noreferrer\">Facebook<\/a> e no <a href=\"https:\/\/www.instagram.com\/culturajundiai_\/\" target=\"_blank\" rel=\"noopener noreferrer\">Instagram<\/a>.<\/p>\n<p>Confira os dois primeiros programas: <a href=\"https:\/\/www.youtube.com\/watch?v=ajFsSa9vDds\" target=\"_blank\" rel=\"noopener noreferrer\">Renan Cavolik canta Freddie<\/a> e <a href=\"https:\/\/www.youtube.com\/watch?v=Zm_xve7YUV8\" target=\"_blank\" rel=\"noopener noreferrer\">Shelly Simon e um tributo a Amy Winehouse<\/a><\/p>\n<p><strong>Confer\u00eancias<\/strong><\/p>\n<p>Est\u00e3o tamb\u00e9m programadas webconfer\u00eancias com a participa\u00e7\u00e3o ao vivo de profissionais de Jundia\u00ed, transmitidas pela Facebook da Cultura e pelo YouTube da Prefeitura. Com conte\u00fados diversos, as transmiss\u00f5es ser\u00e3o realizadas ao longo do m\u00eas de julho, sempre \u00e0s quartas, quintas e sextas-feiras, a partir das 19h30, com dura\u00e7\u00e3o de 90 minutos.<\/p>\n<p>Confira a programa\u00e7\u00e3o completa:<\/p>\n<p>Quarta-feira (15) \u2013 Fotografia;<br \/>\nQuinta-feira (16) \u2013 Fotografia;<br \/>\nSexta-feira (17) \u2013 Audiovisual;<br \/>\nQuarta-feira (22) \u2013 Mundo Digital;<br \/>\nQuinta-feira (23) \u2013 Produ\u00e7\u00e3o Cultural;<br \/>\nSexta-feira (24) \u2013 Artes C\u00eanicas;<br \/>\nQuarta-feira (29) \u2013 Artes C\u00eanicas;<br \/>\nQuinta-feira (30) \u2013 Produ\u00e7\u00e3o Cultural;<br \/>\nSexta-feira (31) \u2013 Patrim\u00f4nio Cultural.<\/p>\n<p><em>(Fonte\/Imagem: Assessoria de Imprensa PMJ)<\/em><\/p>\n","protected":false},"excerpt":{"rendered":"<p>Atra\u00e7\u00f5es est\u00e3o no YouTube da TVTEC e nas redes sociais da Cultura e da Prefeitura<\/p>\n","protected":false},"author":18,"featured_media":61142,"comment_status":"closed","ping_status":"closed","sticky":false,"template":"","format":"standard","meta":{"footnotes":""},"categories":[2833,1],"tags":[6242,84,7576,15],"class_list":["post-61141","post","type-post","status-publish","format-standard","has-post-thumbnail","hentry","category-cultura","category-noticias","tag-coronavirus","tag-cultura","tag-o-la-de-casa","tag-tvtec"],"_links":{"self":[{"href":"https:\/\/tvtecjundiai.com.br\/news\/wp-json\/wp\/v2\/posts\/61141","targetHints":{"allow":["GET"]}}],"collection":[{"href":"https:\/\/tvtecjundiai.com.br\/news\/wp-json\/wp\/v2\/posts"}],"about":[{"href":"https:\/\/tvtecjundiai.com.br\/news\/wp-json\/wp\/v2\/types\/post"}],"author":[{"embeddable":true,"href":"https:\/\/tvtecjundiai.com.br\/news\/wp-json\/wp\/v2\/users\/18"}],"replies":[{"embeddable":true,"href":"https:\/\/tvtecjundiai.com.br\/news\/wp-json\/wp\/v2\/comments?post=61141"}],"version-history":[{"count":2,"href":"https:\/\/tvtecjundiai.com.br\/news\/wp-json\/wp\/v2\/posts\/61141\/revisions"}],"predecessor-version":[{"id":61745,"href":"https:\/\/tvtecjundiai.com.br\/news\/wp-json\/wp\/v2\/posts\/61141\/revisions\/61745"}],"wp:featuredmedia":[{"embeddable":true,"href":"https:\/\/tvtecjundiai.com.br\/news\/wp-json\/wp\/v2\/media\/61142"}],"wp:attachment":[{"href":"https:\/\/tvtecjundiai.com.br\/news\/wp-json\/wp\/v2\/media?parent=61141"}],"wp:term":[{"taxonomy":"category","embeddable":true,"href":"https:\/\/tvtecjundiai.com.br\/news\/wp-json\/wp\/v2\/categories?post=61141"},{"taxonomy":"post_tag","embeddable":true,"href":"https:\/\/tvtecjundiai.com.br\/news\/wp-json\/wp\/v2\/tags?post=61141"}],"curies":[{"name":"wp","href":"https:\/\/api.w.org\/{rel}","templated":true}]}}