{"id":61250,"date":"2020-07-14T10:19:28","date_gmt":"2020-07-14T13:19:28","guid":{"rendered":"https:\/\/tvtecjundiai.com.br\/news\/?p=61250"},"modified":"2020-07-14T10:31:35","modified_gmt":"2020-07-14T13:31:35","slug":"jundiai-comemora-os-30-anos-do-estatuto-da-crianca-e-do-adolescente","status":"publish","type":"post","link":"https:\/\/tvtecjundiai.com.br\/news\/2020\/07\/14\/jundiai-comemora-os-30-anos-do-estatuto-da-crianca-e-do-adolescente\/","title":{"rendered":"Jundia\u00ed comemora os 30 anos do Estatuto da Crian\u00e7a e do Adolescente"},"content":{"rendered":"<div id=\"attachment_61251\" style=\"width: 430px\" class=\"wp-caption alignright\"><a href=\"https:\/\/tvtecjundiai.com.br\/news\/wp-content\/uploads\/sites\/2\/2020\/07\/acao_crianca_feliz_sorocabana-26.jpg\"><img loading=\"lazy\" decoding=\"async\" aria-describedby=\"caption-attachment-61251\" class=\" wp-image-61251\" src=\"https:\/\/tvtecjundiai.com.br\/news\/wp-content\/uploads\/sites\/2\/2020\/07\/acao_crianca_feliz_sorocabana-26-300x200.jpg\" alt=\"\" width=\"420\" height=\"280\" srcset=\"https:\/\/tvtecjundiai.com.br\/news\/wp-content\/uploads\/sites\/2\/2020\/07\/acao_crianca_feliz_sorocabana-26-300x200.jpg 300w, https:\/\/tvtecjundiai.com.br\/news\/wp-content\/uploads\/sites\/2\/2020\/07\/acao_crianca_feliz_sorocabana-26-1200x800.jpg 1200w, https:\/\/tvtecjundiai.com.br\/news\/wp-content\/uploads\/sites\/2\/2020\/07\/acao_crianca_feliz_sorocabana-26-768x512.jpg 768w, https:\/\/tvtecjundiai.com.br\/news\/wp-content\/uploads\/sites\/2\/2020\/07\/acao_crianca_feliz_sorocabana-26.jpg 1280w\" sizes=\"auto, (max-width: 420px) 100vw, 420px\" \/><\/a><p id=\"caption-attachment-61251\" class=\"wp-caption-text\">A\u00e7\u00f5es tem\u00e1ticas comemoraram no Munic\u00edpio os 30 anos do ECA<\/p><\/div>\n<p>A\u00e7\u00f5es tem\u00e1ticas marcaram os 30 anos do Estatuto da Crian\u00e7a e do Adolescente (ECA), institu\u00eddo pela Lei 8.069, no dia 13 de julho de 1990 nessa segunda-feira (13). O Conselho Municipal dos Direitos da Crian\u00e7a e do Adolescente (CMDCA) disponibilizou em seu site um <a href=\"https:\/\/cmdca.jundiai.sp.gov.br\/2020\/07\/e-book-30-anos-do-estatuto-da-crianca-e-do-adolescente\/\" target=\"_blank\" rel=\"noopener noreferrer\">e-book com o texto do Estatuto<\/a>, de modo compilado, simplificado e interativo, para acesso aberto da popula\u00e7\u00e3o. Tamb\u00e9m foi produzido um\u00a0<a href=\"https:\/\/cmdca.jundiai.sp.gov.br\/2020\/07\/video-eca-30-anos-direitos-das-criancas-e-dos-adolescentes\/\" target=\"_blank\" rel=\"noopener noreferrer\">v\u00eddeo <\/a>com o hist\u00f3rico e curiosidades sobre o ECA e est\u00e1 dispon\u00edvel no site do Conselho.<\/p>\n<p>Para comemorar a data, o Conselho Tutelar de Jundia\u00ed realizou uma <a href=\"https:\/\/pt-br.facebook.com\/conhecacmdca\/videos\/1127014474349621\/\" target=\"_blank\" rel=\"noopener noreferrer\">videoconfer\u00eancia<\/a> sobre o hist\u00f3rico da lei, suas atribui\u00e7\u00f5es, a garantia de direitos e a realidade do Munic\u00edpio. Com transmiss\u00e3o pelas redes sociais do CMDCA e apoio da Unidade de Gest\u00e3o da Casa Civil (UGCC) da Prefeitura, por meio do N\u00facleo de Articula\u00e7\u00e3o de Pol\u00edticas P\u00fablicas, o encontro online contou com a media\u00e7\u00e3o do conselheiro Bruno Barbosa e as participa\u00e7\u00f5es da educadora social Lucinda Cantoni Lopes e da conselheira Cl\u00e1udia Tofoli, da promotora da Inf\u00e2ncia e Juventude.<\/p>\n<p>Para a presidente do CMDCA, Alda Maria Carrara, iniciativas demonstram o entendimento da sociedade acerca do assunto. \u201cA comemora\u00e7\u00e3o desta data demonstra como Jundia\u00ed avan\u00e7a em novas conquistas na garantia de direitos para as crian\u00e7as e adolescentes e o comprometimento dos atores que, em diversos \u00e2mbitos da sociedade, entendem essa import\u00e2ncia. Na live, por exemplo, contamos com a presen\u00e7a da Lucinda, que a hist\u00f3ria do ECA presente em nossa cidade e cuja mobiliza\u00e7\u00e3o culminou num resultado nacional. Muito j\u00e1 se conquistou, no sentido de pol\u00edticas p\u00fablicas e de reconhecimento pelo trabalho j\u00e1 feito, mas continuamos caminhando, alavancando outras quest\u00f5es que devem avan\u00e7ar, sempre interiorizando a import\u00e2ncia das crian\u00e7as e dos adolescentes enquanto prioridades absolutas\u201d.<\/p>\n<p><em>(Fonte\/Foto: Prefeitura de Jundia\u00ed)<\/em><\/p>\n","protected":false},"excerpt":{"rendered":"<p>Munic\u00edpio avan\u00e7a em novas conquistas na garantia de direitos <\/p>\n","protected":false},"author":13,"featured_media":61251,"comment_status":"closed","ping_status":"closed","sticky":false,"template":"","format":"standard","meta":{"footnotes":""},"categories":[2834,1],"tags":[7584,7583,5],"class_list":["post-61250","post","type-post","status-publish","format-standard","has-post-thumbnail","hentry","category-cidades","category-noticias","tag-30-anos","tag-eca","tag-jundiai"],"_links":{"self":[{"href":"https:\/\/tvtecjundiai.com.br\/news\/wp-json\/wp\/v2\/posts\/61250","targetHints":{"allow":["GET"]}}],"collection":[{"href":"https:\/\/tvtecjundiai.com.br\/news\/wp-json\/wp\/v2\/posts"}],"about":[{"href":"https:\/\/tvtecjundiai.com.br\/news\/wp-json\/wp\/v2\/types\/post"}],"author":[{"embeddable":true,"href":"https:\/\/tvtecjundiai.com.br\/news\/wp-json\/wp\/v2\/users\/13"}],"replies":[{"embeddable":true,"href":"https:\/\/tvtecjundiai.com.br\/news\/wp-json\/wp\/v2\/comments?post=61250"}],"version-history":[{"count":5,"href":"https:\/\/tvtecjundiai.com.br\/news\/wp-json\/wp\/v2\/posts\/61250\/revisions"}],"predecessor-version":[{"id":61267,"href":"https:\/\/tvtecjundiai.com.br\/news\/wp-json\/wp\/v2\/posts\/61250\/revisions\/61267"}],"wp:featuredmedia":[{"embeddable":true,"href":"https:\/\/tvtecjundiai.com.br\/news\/wp-json\/wp\/v2\/media\/61251"}],"wp:attachment":[{"href":"https:\/\/tvtecjundiai.com.br\/news\/wp-json\/wp\/v2\/media?parent=61250"}],"wp:term":[{"taxonomy":"category","embeddable":true,"href":"https:\/\/tvtecjundiai.com.br\/news\/wp-json\/wp\/v2\/categories?post=61250"},{"taxonomy":"post_tag","embeddable":true,"href":"https:\/\/tvtecjundiai.com.br\/news\/wp-json\/wp\/v2\/tags?post=61250"}],"curies":[{"name":"wp","href":"https:\/\/api.w.org\/{rel}","templated":true}]}}