{"id":61418,"date":"2020-07-15T10:54:52","date_gmt":"2020-07-15T13:54:52","guid":{"rendered":"https:\/\/tvtecjundiai.com.br\/news\/?p=61418"},"modified":"2020-07-15T12:51:17","modified_gmt":"2020-07-15T15:51:17","slug":"novo-canal-no-youtube-trara-40-espetaculos-de-teatro-infantil-ineditos","status":"publish","type":"post","link":"https:\/\/tvtecjundiai.com.br\/news\/2020\/07\/15\/novo-canal-no-youtube-trara-40-espetaculos-de-teatro-infantil-ineditos\/","title":{"rendered":"Novo canal no YouTube trar\u00e1 40 espet\u00e1culos de teatro infantil in\u00e9ditos"},"content":{"rendered":"<div id=\"attachment_61422\" style=\"width: 408px\" class=\"wp-caption alignleft\"><img loading=\"lazy\" decoding=\"async\" aria-describedby=\"caption-attachment-61422\" class=\"wp-image-61422\" src=\"https:\/\/tvtecjundiai.com.br\/news\/wp-content\/uploads\/sites\/2\/2020\/07\/DivulgaM\u00e1gicodeOz.jpg-300x200.jpg\" alt=\"\" width=\"398\" height=\"265\" srcset=\"https:\/\/tvtecjundiai.com.br\/news\/wp-content\/uploads\/sites\/2\/2020\/07\/DivulgaM\u00e1gicodeOz.jpg-300x200.jpg 300w, https:\/\/tvtecjundiai.com.br\/news\/wp-content\/uploads\/sites\/2\/2020\/07\/DivulgaM\u00e1gicodeOz.jpg.jpg 680w\" sizes=\"auto, (max-width: 398px) 100vw, 398px\" \/><p id=\"caption-attachment-61422\" class=\"wp-caption-text\">As pe\u00e7as devem ser lan\u00e7adas at\u00e9 abril do ano que vem<\/p><\/div>\n<p>Na onda das plataformas online de teatro infantil, a Cia. Arte &amp; Manhas prop\u00f5e um modelo um pouco diferente. O novo espa\u00e7o gratuito T\u00e1 na Hora do Teatro mistura t\u00e9cnicas do teatro cl\u00e1ssico com alguns elementos do cinema, em um formato adaptado para a web.<\/p>\n<p>As pe\u00e7as chegam ao canal do YouTube todas as segundas, \u00e0s 19 horas, e duram cerca de quinze minutos. Na agenda de julho est\u00e3o previstos quatro cl\u00e1ssicos mirins: Os Tr\u00eas Porquinhos, Chapeuzinho Vermelho, S\u00edtio do Picapau Amarelo e Alice no Pa\u00eds das Maravilhas.<\/p>\n<p>Ao todo, ser\u00e3o gravados quarenta espet\u00e1culos, que devem sair at\u00e9 abril do ano que vem \u2014 independente da previs\u00e3o de fim da quarentena. Alguns n\u00fameros originais e especiais tem\u00e1ticos est\u00e3o previstos. O de Natal, por exemplo, j\u00e1 est\u00e1 gravado.<\/p>\n<p><em>(Fonte: Veja S\u00e3o Paulo\/Foto: Divulga\u00e7\u00e3o)<\/em><\/p>\n","protected":false},"excerpt":{"rendered":"<p>As pe\u00e7as devem ser lan\u00e7adas at\u00e9 abril do ano que vem <\/p>\n","protected":false},"author":14,"featured_media":61422,"comment_status":"closed","ping_status":"closed","sticky":false,"template":"","format":"standard","meta":{"footnotes":""},"categories":[2833,1],"tags":[1285,240],"class_list":["post-61418","post","type-post","status-publish","format-standard","has-post-thumbnail","hentry","category-cultura","category-noticias","tag-teatro-infantil","tag-youtube"],"_links":{"self":[{"href":"https:\/\/tvtecjundiai.com.br\/news\/wp-json\/wp\/v2\/posts\/61418","targetHints":{"allow":["GET"]}}],"collection":[{"href":"https:\/\/tvtecjundiai.com.br\/news\/wp-json\/wp\/v2\/posts"}],"about":[{"href":"https:\/\/tvtecjundiai.com.br\/news\/wp-json\/wp\/v2\/types\/post"}],"author":[{"embeddable":true,"href":"https:\/\/tvtecjundiai.com.br\/news\/wp-json\/wp\/v2\/users\/14"}],"replies":[{"embeddable":true,"href":"https:\/\/tvtecjundiai.com.br\/news\/wp-json\/wp\/v2\/comments?post=61418"}],"version-history":[{"count":2,"href":"https:\/\/tvtecjundiai.com.br\/news\/wp-json\/wp\/v2\/posts\/61418\/revisions"}],"predecessor-version":[{"id":61512,"href":"https:\/\/tvtecjundiai.com.br\/news\/wp-json\/wp\/v2\/posts\/61418\/revisions\/61512"}],"wp:featuredmedia":[{"embeddable":true,"href":"https:\/\/tvtecjundiai.com.br\/news\/wp-json\/wp\/v2\/media\/61422"}],"wp:attachment":[{"href":"https:\/\/tvtecjundiai.com.br\/news\/wp-json\/wp\/v2\/media?parent=61418"}],"wp:term":[{"taxonomy":"category","embeddable":true,"href":"https:\/\/tvtecjundiai.com.br\/news\/wp-json\/wp\/v2\/categories?post=61418"},{"taxonomy":"post_tag","embeddable":true,"href":"https:\/\/tvtecjundiai.com.br\/news\/wp-json\/wp\/v2\/tags?post=61418"}],"curies":[{"name":"wp","href":"https:\/\/api.w.org\/{rel}","templated":true}]}}