{"id":61509,"date":"2020-07-15T13:00:16","date_gmt":"2020-07-15T16:00:16","guid":{"rendered":"https:\/\/tvtecjundiai.com.br\/news\/?p=61509"},"modified":"2020-07-15T13:00:16","modified_gmt":"2020-07-15T16:00:16","slug":"rua-do-bom-jesus-no-recife-foi-eleita-a-3a-mais-bonita-do-mundo","status":"publish","type":"post","link":"https:\/\/tvtecjundiai.com.br\/news\/2020\/07\/15\/rua-do-bom-jesus-no-recife-foi-eleita-a-3a-mais-bonita-do-mundo\/","title":{"rendered":"Rua do Bom Jesus, no Recife, foi eleita a 3\u00aa mais bonita do mundo"},"content":{"rendered":"<div id=\"attachment_61521\" style=\"width: 482px\" class=\"wp-caption alignright\"><a href=\"https:\/\/tvtecjundiai.com.br\/news\/wp-content\/uploads\/sites\/2\/2020\/07\/16633544908_add49ee002_k.jpg\"><img loading=\"lazy\" decoding=\"async\" aria-describedby=\"caption-attachment-61521\" class=\"wp-image-61521\" src=\"https:\/\/tvtecjundiai.com.br\/news\/wp-content\/uploads\/sites\/2\/2020\/07\/16633544908_add49ee002_k-300x169.jpg\" alt=\"\" width=\"472\" height=\"266\" srcset=\"https:\/\/tvtecjundiai.com.br\/news\/wp-content\/uploads\/sites\/2\/2020\/07\/16633544908_add49ee002_k-300x169.jpg 300w, https:\/\/tvtecjundiai.com.br\/news\/wp-content\/uploads\/sites\/2\/2020\/07\/16633544908_add49ee002_k-768x432.jpg 768w, https:\/\/tvtecjundiai.com.br\/news\/wp-content\/uploads\/sites\/2\/2020\/07\/16633544908_add49ee002_k.jpg 1000w\" sizes=\"auto, (max-width: 472px) 100vw, 472px\" \/><\/a><p id=\"caption-attachment-61521\" class=\"wp-caption-text\">A rua recifense \u00e9 a \u00fanica brasileira na lista das 31 mais bonitas do mundo<\/p><\/div>\n<p>A\u00a0Rua do Bom Jesus, uma das mais famosas do centro do Recife (PE), foi eleita a terceira mais bonita do mundo pela revista americana\u00a0Architectural Digest, atr\u00e1s apenas da Setenil de Las Bodegas, na Espanha, e da Washington Street, em Nova York (EUA).<\/p>\n<p>A publica\u00e7\u00e3o americana destaca a \u201cbeleza e o colorido dos casarios, das palmeiras altas da Rua do Bom Jesus e a primeira sinagoga constru\u00edda nas Am\u00e9ricas, a Kahal Zur Israel\u201d. A rua recifense \u00e9 a \u00fanica brasileira na lista das 31 mais bonitas do mundo.<\/p>\n<p>Considerada\u00a0a mais antiga do Recife, recebeu esse nome por causa do arco de Bom Jesus, antigo portal da cidade.<\/p>\n<p>De acordo com a bibliotec\u00e1ria \u00a0L\u00facia Gaspar, da Funda\u00e7\u00e3o Joaquim Nabuco, desde o tempo da ocupa\u00e7\u00e3o holandesa, a Rua do Bom Jesus era a mais importante do Bairro do Recife, possivelmente em decorr\u00eancia de seu tra\u00e7ado natural de velha estrada, que conduzia viajantes procedentes de Olinda.<\/p>\n<p>Inicialmente, a via era conhecida como Rua do Bode (Bockestraet). Durante o dom\u00ednio holand\u00eas, tornou-se a rua predileta dos israelitas, passando a ser chamada \u201cRua dos Judeus\u201d. \u201cQuando eles deixaram Pernambuco, foi denominada de Rua da Cruz\u201d, diz L\u00facia.<\/p>\n<p><em>(Fonte: Catraca Livre\/Foto: Ferreira)<\/em><\/p>\n","protected":false},"excerpt":{"rendered":"<p>A rua recifense \u00e9 a \u00fanica brasileira na lista das 31 mais bonitas do mundo<\/p>\n","protected":false},"author":13,"featured_media":61521,"comment_status":"closed","ping_status":"closed","sticky":false,"template":"","format":"standard","meta":{"footnotes":""},"categories":[2834,1],"tags":[1903,7605,7606],"class_list":["post-61509","post","type-post","status-publish","format-standard","has-post-thumbnail","hentry","category-cidades","category-noticias","tag-brasil","tag-recife","tag-ruas"],"_links":{"self":[{"href":"https:\/\/tvtecjundiai.com.br\/news\/wp-json\/wp\/v2\/posts\/61509","targetHints":{"allow":["GET"]}}],"collection":[{"href":"https:\/\/tvtecjundiai.com.br\/news\/wp-json\/wp\/v2\/posts"}],"about":[{"href":"https:\/\/tvtecjundiai.com.br\/news\/wp-json\/wp\/v2\/types\/post"}],"author":[{"embeddable":true,"href":"https:\/\/tvtecjundiai.com.br\/news\/wp-json\/wp\/v2\/users\/13"}],"replies":[{"embeddable":true,"href":"https:\/\/tvtecjundiai.com.br\/news\/wp-json\/wp\/v2\/comments?post=61509"}],"version-history":[{"count":1,"href":"https:\/\/tvtecjundiai.com.br\/news\/wp-json\/wp\/v2\/posts\/61509\/revisions"}],"predecessor-version":[{"id":61522,"href":"https:\/\/tvtecjundiai.com.br\/news\/wp-json\/wp\/v2\/posts\/61509\/revisions\/61522"}],"wp:featuredmedia":[{"embeddable":true,"href":"https:\/\/tvtecjundiai.com.br\/news\/wp-json\/wp\/v2\/media\/61521"}],"wp:attachment":[{"href":"https:\/\/tvtecjundiai.com.br\/news\/wp-json\/wp\/v2\/media?parent=61509"}],"wp:term":[{"taxonomy":"category","embeddable":true,"href":"https:\/\/tvtecjundiai.com.br\/news\/wp-json\/wp\/v2\/categories?post=61509"},{"taxonomy":"post_tag","embeddable":true,"href":"https:\/\/tvtecjundiai.com.br\/news\/wp-json\/wp\/v2\/tags?post=61509"}],"curies":[{"name":"wp","href":"https:\/\/api.w.org\/{rel}","templated":true}]}}