{"id":61689,"date":"2020-07-16T12:48:06","date_gmt":"2020-07-16T15:48:06","guid":{"rendered":"https:\/\/tvtecjundiai.com.br\/news\/?p=61689"},"modified":"2020-07-16T13:44:41","modified_gmt":"2020-07-16T16:44:41","slug":"vinicola-na-franca-pagara-lua-de-mel-para-quem-teve-casamento-adiado-pela-covid-19","status":"publish","type":"post","link":"https:\/\/tvtecjundiai.com.br\/news\/2020\/07\/16\/vinicola-na-franca-pagara-lua-de-mel-para-quem-teve-casamento-adiado-pela-covid-19\/","title":{"rendered":"Vin\u00edcola na Fran\u00e7a pagar\u00e1 lua de mel para quem teve casamento adiado pela Covid-19"},"content":{"rendered":"<p>A pandemia do Coronav\u00edrus afetou a vida de milhares de pessoas ao redor do mundo. Como medida para conter o avan\u00e7o da doen\u00e7a, muitos pa\u00edses fecharam suas fronteiras e impuseram medidas r\u00edgidas de circula\u00e7\u00e3o. De acordo com uma pesquisa pela Belief Wedding Creators \u2014 comunidade internacional de planejadores de casamento\u2013 em 47 pa\u00edses, incluindo o Brasil, mais de 30% dos casamentos foram adiados para 2020 e 15,64% para 2021.<\/p>\n<div id=\"attachment_61690\" style=\"width: 459px\" class=\"wp-caption alignright\"><a href=\"https:\/\/tvtecjundiai.com.br\/news\/wp-content\/uploads\/sites\/2\/2020\/07\/lua-de-mel-franca.jpg\"><img loading=\"lazy\" decoding=\"async\" aria-describedby=\"caption-attachment-61690\" class=\"wp-image-61690\" src=\"https:\/\/tvtecjundiai.com.br\/news\/wp-content\/uploads\/sites\/2\/2020\/07\/lua-de-mel-franca-300x200.jpg\" alt=\"\" width=\"449\" height=\"299\" srcset=\"https:\/\/tvtecjundiai.com.br\/news\/wp-content\/uploads\/sites\/2\/2020\/07\/lua-de-mel-franca-300x200.jpg 300w, https:\/\/tvtecjundiai.com.br\/news\/wp-content\/uploads\/sites\/2\/2020\/07\/lua-de-mel-franca-768x512.jpg 768w, https:\/\/tvtecjundiai.com.br\/news\/wp-content\/uploads\/sites\/2\/2020\/07\/lua-de-mel-franca.jpg 900w\" sizes=\"auto, (max-width: 449px) 100vw, 449px\" \/><\/a><p id=\"caption-attachment-61690\" class=\"wp-caption-text\">Uma das op\u00e7\u00f5es \u00e9 passar a lua de mel no castelo da pr\u00f3pria vin\u00edcola, no sul da Fran\u00e7a<\/p><\/div>\n<p>Com isso, a vin\u00edcola Ros\u00e9 All Day, no sul da Fran\u00e7a, vai presentear um casal com uma lua de mel dos sonhos. Para participar, \u00e9 preciso gravar um v\u00eddeo ou fotos (com legendas) contando sua hist\u00f3ria de amor e publicar no Instagram, mencionando o perfil <a href=\"https:\/\/www.instagram.com\/rose_all_day\/\" target=\"_blank\" rel=\"noopener noreferrer\" data-gtm-event-category=\"catraca-livre:conteudo\" data-gtm-event-action=\"clique:link:rose_all_day\" data-gtm-event-label=\"https:\/\/www.instagram.com\/rose_all_day\/\">@rose_all_day<\/a>\u00a0e utilizar a hashtag #MyRADWeddingStory. Pode ser de casamentos adiados, cancelados, realizados por chamada de v\u00eddeo, entre outros, desde que tenha rela\u00e7\u00e3o com a pandemia.<\/p>\n<p>A promo\u00e7\u00e3o ser\u00e1 realizada de 21 de julho a 7 de setembro. A viagem deve ocorrer em 2021. Entre as op\u00e7\u00f5es de pr\u00eamio est\u00e1 passar a lua de mel no castelo da pr\u00f3pria vin\u00edcola na regi\u00e3o de Pays d\u2019Oc, no sul na Fran\u00e7a, viajar em um trailer admirando as paisagens do pa\u00eds, se hospedar em uma propriedade alugada pela plataforma VRBO ou receber US$ 5 mil para gastar da forma que quiser.<\/p>\n<p><em>(Fonte: Catraca Livre\/Foto: Pixabay\/Reprodu\u00e7\u00e3o)<\/em><\/p>\n","protected":false},"excerpt":{"rendered":"<p>A promo\u00e7\u00e3o vai de 21 de julho a 7 de setembro<\/p>\n","protected":false},"author":13,"featured_media":61692,"comment_status":"closed","ping_status":"closed","sticky":false,"template":"","format":"standard","meta":{"footnotes":""},"categories":[3076,1],"tags":[6242,3590,7620,6511,7619],"class_list":["post-61689","post","type-post","status-publish","format-standard","has-post-thumbnail","hentry","category-entretenimento","category-noticias","tag-coronavirus","tag-franca","tag-lua-de-mel","tag-pandemia","tag-vinicola"],"_links":{"self":[{"href":"https:\/\/tvtecjundiai.com.br\/news\/wp-json\/wp\/v2\/posts\/61689","targetHints":{"allow":["GET"]}}],"collection":[{"href":"https:\/\/tvtecjundiai.com.br\/news\/wp-json\/wp\/v2\/posts"}],"about":[{"href":"https:\/\/tvtecjundiai.com.br\/news\/wp-json\/wp\/v2\/types\/post"}],"author":[{"embeddable":true,"href":"https:\/\/tvtecjundiai.com.br\/news\/wp-json\/wp\/v2\/users\/13"}],"replies":[{"embeddable":true,"href":"https:\/\/tvtecjundiai.com.br\/news\/wp-json\/wp\/v2\/comments?post=61689"}],"version-history":[{"count":4,"href":"https:\/\/tvtecjundiai.com.br\/news\/wp-json\/wp\/v2\/posts\/61689\/revisions"}],"predecessor-version":[{"id":61698,"href":"https:\/\/tvtecjundiai.com.br\/news\/wp-json\/wp\/v2\/posts\/61689\/revisions\/61698"}],"wp:featuredmedia":[{"embeddable":true,"href":"https:\/\/tvtecjundiai.com.br\/news\/wp-json\/wp\/v2\/media\/61692"}],"wp:attachment":[{"href":"https:\/\/tvtecjundiai.com.br\/news\/wp-json\/wp\/v2\/media?parent=61689"}],"wp:term":[{"taxonomy":"category","embeddable":true,"href":"https:\/\/tvtecjundiai.com.br\/news\/wp-json\/wp\/v2\/categories?post=61689"},{"taxonomy":"post_tag","embeddable":true,"href":"https:\/\/tvtecjundiai.com.br\/news\/wp-json\/wp\/v2\/tags?post=61689"}],"curies":[{"name":"wp","href":"https:\/\/api.w.org\/{rel}","templated":true}]}}