{"id":61834,"date":"2020-07-17T10:58:31","date_gmt":"2020-07-17T13:58:31","guid":{"rendered":"https:\/\/tvtecjundiai.com.br\/news\/?p=61834"},"modified":"2020-07-17T13:00:26","modified_gmt":"2020-07-17T16:00:26","slug":"nova-nuvem-de-gafanhotos-surge-no-paraguai-e-preocupa-brasileiros","status":"publish","type":"post","link":"https:\/\/tvtecjundiai.com.br\/news\/2020\/07\/17\/nova-nuvem-de-gafanhotos-surge-no-paraguai-e-preocupa-brasileiros\/","title":{"rendered":"Nova nuvem de gafanhotos surge no Paraguai e preocupa brasileiros"},"content":{"rendered":"<div id=\"attachment_61835\" style=\"width: 365px\" class=\"wp-caption alignright\"><a href=\"https:\/\/tvtecjundiai.com.br\/news\/wp-content\/uploads\/sites\/2\/2020\/07\/nuvem-gafanhotos-450x337-1.jpg\"><img loading=\"lazy\" decoding=\"async\" aria-describedby=\"caption-attachment-61835\" class=\"wp-image-61835\" src=\"https:\/\/tvtecjundiai.com.br\/news\/wp-content\/uploads\/sites\/2\/2020\/07\/nuvem-gafanhotos-450x337-1-300x225.jpg\" alt=\"\" width=\"355\" height=\"266\" srcset=\"https:\/\/tvtecjundiai.com.br\/news\/wp-content\/uploads\/sites\/2\/2020\/07\/nuvem-gafanhotos-450x337-1-300x225.jpg 300w, https:\/\/tvtecjundiai.com.br\/news\/wp-content\/uploads\/sites\/2\/2020\/07\/nuvem-gafanhotos-450x337-1.jpg 450w\" sizes=\"auto, (max-width: 355px) 100vw, 355px\" \/><\/a><p id=\"caption-attachment-61835\" class=\"wp-caption-text\">A tend\u00eancia \u00e9 que a nuvem de gafanhotos entre em territ\u00f3rio argentino<\/p><\/div>\n<p>Uma nova nuvem de gafanhotos foi detectada no Paraguai, a cerca de 300 km da Argentina, nesta quinta-feira (16), informada pelo Servi\u00e7o Nacional de Sa\u00fade e Qualidade Agroalimentar argentino (Senasa). De acordo com com o Servi\u00e7o Nacional de Sanidade Vegetal (Senave) do Paraguai, a nova nuvem foi encontrada na \u00e1rea de Teniente Pico, dentro do estado de Boquer\u00f3n.<\/p>\n<p>Apesar de diversos internautas brasileiros se mostrarem preocupados com a nova nuvem de gafanhotos, entidades do Paraguai afirmaram que os insetos est\u00e3o se deslocando para o sul do Chaco \u2013 regi\u00e3o que compreende Argentina, Bol\u00edvia e Paraguai. Seguindo essa dire\u00e7\u00e3o, a tend\u00eancia \u00e9 que a nuvem de gafanhotos entre em territ\u00f3rio argentino.<\/p>\n<p>De acordo com informa\u00e7\u00f5es do jornal paraguaio ABC Color, t\u00e9cnicos do Senave realizaram a aplica\u00e7\u00e3o de inseticidas por avi\u00f5es. O resultado ser\u00e1 avaliado nos pr\u00f3ximos dias.<\/p>\n<p><em>(Fonte: Catraca Livre\/Foto: Reprodu\u00e7\u00e3o)<\/em><\/p>\n","protected":false},"excerpt":{"rendered":"<p>A tend\u00eancia \u00e9 que a nuvem de gafanhotos entre em territ\u00f3rio argentino<\/p>\n","protected":false},"author":13,"featured_media":61835,"comment_status":"closed","ping_status":"closed","sticky":false,"template":"","format":"standard","meta":{"footnotes":""},"categories":[3569,1],"tags":[1903,7632],"class_list":["post-61834","post","type-post","status-publish","format-standard","has-post-thumbnail","hentry","category-meio-ambiente","category-noticias","tag-brasil","tag-nuvem-de-gafanhotos"],"_links":{"self":[{"href":"https:\/\/tvtecjundiai.com.br\/news\/wp-json\/wp\/v2\/posts\/61834","targetHints":{"allow":["GET"]}}],"collection":[{"href":"https:\/\/tvtecjundiai.com.br\/news\/wp-json\/wp\/v2\/posts"}],"about":[{"href":"https:\/\/tvtecjundiai.com.br\/news\/wp-json\/wp\/v2\/types\/post"}],"author":[{"embeddable":true,"href":"https:\/\/tvtecjundiai.com.br\/news\/wp-json\/wp\/v2\/users\/13"}],"replies":[{"embeddable":true,"href":"https:\/\/tvtecjundiai.com.br\/news\/wp-json\/wp\/v2\/comments?post=61834"}],"version-history":[{"count":2,"href":"https:\/\/tvtecjundiai.com.br\/news\/wp-json\/wp\/v2\/posts\/61834\/revisions"}],"predecessor-version":[{"id":61856,"href":"https:\/\/tvtecjundiai.com.br\/news\/wp-json\/wp\/v2\/posts\/61834\/revisions\/61856"}],"wp:featuredmedia":[{"embeddable":true,"href":"https:\/\/tvtecjundiai.com.br\/news\/wp-json\/wp\/v2\/media\/61835"}],"wp:attachment":[{"href":"https:\/\/tvtecjundiai.com.br\/news\/wp-json\/wp\/v2\/media?parent=61834"}],"wp:term":[{"taxonomy":"category","embeddable":true,"href":"https:\/\/tvtecjundiai.com.br\/news\/wp-json\/wp\/v2\/categories?post=61834"},{"taxonomy":"post_tag","embeddable":true,"href":"https:\/\/tvtecjundiai.com.br\/news\/wp-json\/wp\/v2\/tags?post=61834"}],"curies":[{"name":"wp","href":"https:\/\/api.w.org\/{rel}","templated":true}]}}