{"id":62011,"date":"2020-07-20T12:26:06","date_gmt":"2020-07-20T15:26:06","guid":{"rendered":"https:\/\/tvtecjundiai.com.br\/news\/?p=62011"},"modified":"2020-07-20T14:48:16","modified_gmt":"2020-07-20T17:48:16","slug":"festival-de-inverno-de-campos-do-jordao-ganha-versao-online","status":"publish","type":"post","link":"https:\/\/tvtecjundiai.com.br\/news\/2020\/07\/20\/festival-de-inverno-de-campos-do-jordao-ganha-versao-online\/","title":{"rendered":"Festival de Inverno de Campos do Jord\u00e3o ganha vers\u00e3o online"},"content":{"rendered":"<p>Os f\u00e3s de m\u00fasica cl\u00e1ssica ficaram meio chateados com o adiamento da 51\u00aa edi\u00e7\u00e3o do tradicional Festival de Inverno de Campos do Jord\u00e3o para janeiro de 2021. Em compensa\u00e7\u00e3o, o evento resolveu presente\u00e1-los com uma s\u00e9rie de concertos online, transmitidos entre os dias 20 de julho e 2 de agosto no<a href=\"https:\/\/cultura.uol.com.br\/entretenimento\/noticias\/2020\/07\/16\/5_festival-de-inverno-de-campos-do-jordao-tera-programacao-especial-na-tv-radio-e-digital-da-cultura.html\" target=\"_blank\" rel=\"noopener noreferrer\" data-gtm-event-category=\"catraca-livre:conteudo\" data-gtm-event-action=\"clique:link:canal-da-tv-cultura-no-youtube\" data-gtm-event-label=\"https:\/\/cultura.uol.com.br\/entretenimento\/noticias\/2020\/07\/16\/5_festival-de-inverno-de-campos-do-jordao-tera-programacao-especial-na-tv-radio-e-digital-da-cultura.html\">\u00a0canal da TV Cultura no YouTube<\/a>.<\/p>\n<div id=\"attachment_62031\" style=\"width: 444px\" class=\"wp-caption alignright\"><a href=\"https:\/\/tvtecjundiai.com.br\/news\/wp-content\/uploads\/sites\/2\/2020\/07\/jazz-sinfonica-festival-de-inverno-de-campos-do-jordao-910x607-1.jpg\"><img loading=\"lazy\" decoding=\"async\" aria-describedby=\"caption-attachment-62031\" class=\"wp-image-62031\" src=\"https:\/\/tvtecjundiai.com.br\/news\/wp-content\/uploads\/sites\/2\/2020\/07\/jazz-sinfonica-festival-de-inverno-de-campos-do-jordao-910x607-1-300x200.jpg\" alt=\"\" width=\"434\" height=\"289\" srcset=\"https:\/\/tvtecjundiai.com.br\/news\/wp-content\/uploads\/sites\/2\/2020\/07\/jazz-sinfonica-festival-de-inverno-de-campos-do-jordao-910x607-1-300x200.jpg 300w, https:\/\/tvtecjundiai.com.br\/news\/wp-content\/uploads\/sites\/2\/2020\/07\/jazz-sinfonica-festival-de-inverno-de-campos-do-jordao-910x607-1-768x512.jpg 768w, https:\/\/tvtecjundiai.com.br\/news\/wp-content\/uploads\/sites\/2\/2020\/07\/jazz-sinfonica-festival-de-inverno-de-campos-do-jordao-910x607-1.jpg 910w\" sizes=\"auto, (max-width: 434px) 100vw, 434px\" \/><\/a><p id=\"caption-attachment-62031\" class=\"wp-caption-text\">Concerto da Jazz Sinf\u00f4nica Brasil com Carlinhos Brown \u00e9 um destaque dessa programa\u00e7\u00e3o linda<\/p><\/div>\n<p>Presen\u00e7a ilustre em v\u00e1rias edi\u00e7\u00f5es do festival, a orquestra Jazz Sinf\u00f4nica Brasil recebe v\u00e1rios cantores talentosos e gabaritados para a s\u00e9rie de concertos online em comemora\u00e7\u00e3o ao seu anivers\u00e1rio de 30 anos. Entre os artistas que voc\u00ea pode conferir dividindo o palco com a orquestra, est\u00e3o Toquinho, Carlinhos Brown, Lenine, Olivia e Francis Hime e Diogo Nogueira.<\/p>\n<p>Outro destaque da programa\u00e7\u00e3o s\u00e3o as grava\u00e7\u00f5es dos concertos de abertura do festival, que contam com a participa\u00e7\u00e3o de grupos como as orquestras Filarm\u00f4nica de Goi\u00e1s e Sinf\u00f4nica de Barra Mansa. O festival tamb\u00e9m transmite esses e outros concertos ic\u00f4nicos por meio da TV Cultura e da R\u00e1dio Cultura FM. Al\u00e9m de algumas apresenta\u00e7\u00f5es da Jazz Sinf\u00f4nica, est\u00e3o previstos espet\u00e1culos da OSESP \u2013 Orquestra Sinf\u00f4nica do Estado de S\u00e3o Paulo. Para conferir essa programa\u00e7\u00e3o,<a href=\"https:\/\/cultura.uol.com.br\/entretenimento\/noticias\/2020\/07\/16\/5_festival-de-inverno-de-campos-do-jordao-tera-programacao-especial-na-tv-radio-e-digital-da-cultura.html\" target=\"_blank\" rel=\"noopener noreferrer\" data-gtm-event-category=\"catraca-livre:conteudo\" data-gtm-event-action=\"clique:link:basta-acessar-este-site-aqui\" data-gtm-event-label=\"https:\/\/cultura.uol.com.br\/entretenimento\/noticias\/2020\/07\/16\/5_festival-de-inverno-de-campos-do-jordao-tera-programacao-especial-na-tv-radio-e-digital-da-cultura.html\"> basta acessar o site<\/a>.<\/p>\n<p><em>(Fonte: Catraca Livre\/Foto:\u00a0Governo do Estado de S\u00e3o Paulo)<\/em><\/p>\n","protected":false},"excerpt":{"rendered":"<p>Concerto da Jazz Sinf\u00f4nica Brasil com Carlinhos Brown \u00e9 um dos destaques da programa\u00e7\u00e3o <\/p>\n","protected":false},"author":13,"featured_media":62031,"comment_status":"closed","ping_status":"closed","sticky":false,"template":"","format":"standard","meta":{"footnotes":""},"categories":[2833,3076,1],"tags":[7651,7650],"class_list":["post-62011","post","type-post","status-publish","format-standard","has-post-thumbnail","hentry","category-cultura","category-entretenimento","category-noticias","tag-campos-do-jordao","tag-festival-de-inverno"],"_links":{"self":[{"href":"https:\/\/tvtecjundiai.com.br\/news\/wp-json\/wp\/v2\/posts\/62011","targetHints":{"allow":["GET"]}}],"collection":[{"href":"https:\/\/tvtecjundiai.com.br\/news\/wp-json\/wp\/v2\/posts"}],"about":[{"href":"https:\/\/tvtecjundiai.com.br\/news\/wp-json\/wp\/v2\/types\/post"}],"author":[{"embeddable":true,"href":"https:\/\/tvtecjundiai.com.br\/news\/wp-json\/wp\/v2\/users\/13"}],"replies":[{"embeddable":true,"href":"https:\/\/tvtecjundiai.com.br\/news\/wp-json\/wp\/v2\/comments?post=62011"}],"version-history":[{"count":5,"href":"https:\/\/tvtecjundiai.com.br\/news\/wp-json\/wp\/v2\/posts\/62011\/revisions"}],"predecessor-version":[{"id":62042,"href":"https:\/\/tvtecjundiai.com.br\/news\/wp-json\/wp\/v2\/posts\/62011\/revisions\/62042"}],"wp:featuredmedia":[{"embeddable":true,"href":"https:\/\/tvtecjundiai.com.br\/news\/wp-json\/wp\/v2\/media\/62031"}],"wp:attachment":[{"href":"https:\/\/tvtecjundiai.com.br\/news\/wp-json\/wp\/v2\/media?parent=62011"}],"wp:term":[{"taxonomy":"category","embeddable":true,"href":"https:\/\/tvtecjundiai.com.br\/news\/wp-json\/wp\/v2\/categories?post=62011"},{"taxonomy":"post_tag","embeddable":true,"href":"https:\/\/tvtecjundiai.com.br\/news\/wp-json\/wp\/v2\/tags?post=62011"}],"curies":[{"name":"wp","href":"https:\/\/api.w.org\/{rel}","templated":true}]}}