{"id":6205,"date":"2018-02-08T09:03:37","date_gmt":"2018-02-08T11:03:37","guid":{"rendered":"https:\/\/tvtecjundiai.com.br\/news\/?p=6205"},"modified":"2018-02-08T09:03:37","modified_gmt":"2018-02-08T11:03:37","slug":"economia-pat-divulga-vagas-disponiveis-em-jundiai-e-regiao-08","status":"publish","type":"post","link":"https:\/\/tvtecjundiai.com.br\/news\/2018\/02\/08\/economia-pat-divulga-vagas-disponiveis-em-jundiai-e-regiao-08\/","title":{"rendered":"Economia: PAT divulga vagas dispon\u00edveis em Jundia\u00ed e regi\u00e3o (08)"},"content":{"rendered":"<p>Confira as vagas<\/p>\n<ul>\n<li><strong>A\u00e7ougueiro<\/strong>\u00a0(liberado em 06\/02\/2018) \u2013 6 meses de experiencia em CTPS; ensino m\u00e9dio incompleto, somente candidatos de Jundia\u00ed.<\/li>\n<li><strong>Atendente de lanchonete<\/strong>\u00a0(liberado em 08\/02\/2018) \u2013 6 meses de experiencia em CTPS; ensino m\u00e9dio completo; somente candidatos de Jundia\u00ed.<\/li>\n<li><strong>Faxineiro &#8211; Vaga exclusiva PCD (Pessoas com Defici\u00eancia)<\/strong>\u00a0(liberado em 06\/02\/2018) \u2013 3 meses de experi\u00eancia n\u00e3o em CTPS; ensino fundamental incompleto; somente candidatos de Jundia\u00ed; V\u00e1rzea Paulista e Campo Limpo Paulista.<\/li>\n<li><strong>Jardineiro<\/strong>\u00a0(liberado em 08\/02\/2018) \u2013 6 meses de experi\u00eancia; ensino fundamental completo; somente candidatos de Jundia\u00ed.<\/li>\n<li><strong>Motorista Carreteiro<\/strong>\u00a0(liberado em 02\/02\/2018) \u2013 6 meses de experi\u00eancia em CTPS; ensino fundamental incompleto; curso MOOP atualizado; somente candidatos de Jundia\u00ed e Cabre\u00fava.<\/li>\n<li><strong>Vendedor porta a porta<\/strong>\u00a0(liberado em 08\/02\/2018) \u2013 3 meses de experi\u00eancia n\u00e3o em CTPS, ensino m\u00e9dio completo, possuir condu\u00e7\u00e3o pr\u00f3pria, somente candidatos de Jundia\u00ed, V\u00e1rzea Pta e Campo Limpo Pta; Itupeva e Cabre\u00fava.<\/li>\n<li><strong>Vendedor Pracista<\/strong>\u00a0(liberado em 05\/02\/2018) \u2013 6 meses de experiencia em CTPS; ensino m\u00e9dio completo; com ve\u00edculo pr\u00f3prio e no\u00e7\u00f5es e informatica; experi\u00eancia com vedas externas.<\/li>\n<li><strong>Vigia<\/strong>\u00a0(liberado em 08\/02\/2018) \u2013 6 meses de experi\u00eancia em CTPS; ensino fundamental completo; possuir CNH A e B; somente candidatos de Jundia\u00ed.<\/li>\n<li><strong>Vigia<\/strong>\u00a0(liberado em 08\/02\/2018) \u2013 6 meses de experi\u00eancia em CTPS; ensino fundamental completo; somente candidatos de Jundia\u00ed.<\/li>\n<li><strong>Zelador<\/strong>\u00a0(liberado em 05\/02\/2018) \u2013 6 meses de experiencia em CTPS; ensino m\u00e9dio completo; no\u00e7\u00f5es em informatica; somente candidatos de Jundia\u00ed.<\/li>\n<\/ul>\n<p>Os interessados devem comparecer \u00e0 rua Zacarias de Goes, 530 \u2013 Centro. O atendimento do PAT Jundia\u00ed \u00e9 feito de segunda a sexta-feira, das 8 \u00e0s 16h30 horas. \u00c9 necess\u00e1rio levar RG, CPF, carteira de trabalho, PIS ou cart\u00e3o do cidad\u00e3o.<\/p>\n<p>\u00daltima atualiza\u00e7\u00e3o em\u00a008\/02\/2018 08:31<\/p>\n<p><em>(Fonte: Prefeitura de Jundia\u00ed)<\/em><\/p>\n","protected":false},"excerpt":{"rendered":"<p>Pode haver altera\u00e7\u00e3o no quadro de disponibilidade durante a semana<\/p>\n","protected":false},"author":11,"featured_media":4814,"comment_status":"closed","ping_status":"closed","sticky":false,"template":"","format":"standard","meta":{"footnotes":""},"categories":[29,1],"tags":[286,37,39,253,185,43],"class_list":["post-6205","post","type-post","status-publish","format-standard","has-post-thumbnail","hentry","category-destaque","category-noticias","tag-carteira-de-trabalho","tag-emprego","tag-pat","tag-pat-de-jundiai","tag-trabalho","tag-vagas-de-emprego"],"_links":{"self":[{"href":"https:\/\/tvtecjundiai.com.br\/news\/wp-json\/wp\/v2\/posts\/6205","targetHints":{"allow":["GET"]}}],"collection":[{"href":"https:\/\/tvtecjundiai.com.br\/news\/wp-json\/wp\/v2\/posts"}],"about":[{"href":"https:\/\/tvtecjundiai.com.br\/news\/wp-json\/wp\/v2\/types\/post"}],"author":[{"embeddable":true,"href":"https:\/\/tvtecjundiai.com.br\/news\/wp-json\/wp\/v2\/users\/11"}],"replies":[{"embeddable":true,"href":"https:\/\/tvtecjundiai.com.br\/news\/wp-json\/wp\/v2\/comments?post=6205"}],"version-history":[{"count":1,"href":"https:\/\/tvtecjundiai.com.br\/news\/wp-json\/wp\/v2\/posts\/6205\/revisions"}],"predecessor-version":[{"id":6206,"href":"https:\/\/tvtecjundiai.com.br\/news\/wp-json\/wp\/v2\/posts\/6205\/revisions\/6206"}],"wp:featuredmedia":[{"embeddable":true,"href":"https:\/\/tvtecjundiai.com.br\/news\/wp-json\/wp\/v2\/media\/4814"}],"wp:attachment":[{"href":"https:\/\/tvtecjundiai.com.br\/news\/wp-json\/wp\/v2\/media?parent=6205"}],"wp:term":[{"taxonomy":"category","embeddable":true,"href":"https:\/\/tvtecjundiai.com.br\/news\/wp-json\/wp\/v2\/categories?post=6205"},{"taxonomy":"post_tag","embeddable":true,"href":"https:\/\/tvtecjundiai.com.br\/news\/wp-json\/wp\/v2\/tags?post=6205"}],"curies":[{"name":"wp","href":"https:\/\/api.w.org\/{rel}","templated":true}]}}