{"id":62061,"date":"2020-07-20T15:55:03","date_gmt":"2020-07-20T18:55:03","guid":{"rendered":"https:\/\/tvtecjundiai.com.br\/news\/?p=62061"},"modified":"2020-07-20T15:55:03","modified_gmt":"2020-07-20T18:55:03","slug":"idoso-e-homenageado-por-fazer-mais-de-700-doacoes-de-sangue-em-49-anos","status":"publish","type":"post","link":"https:\/\/tvtecjundiai.com.br\/news\/2020\/07\/20\/idoso-e-homenageado-por-fazer-mais-de-700-doacoes-de-sangue-em-49-anos\/","title":{"rendered":"Idoso \u00e9 homenageado por fazer mais de 700 doa\u00e7\u00f5es de sangue em 49 anos"},"content":{"rendered":"<div id=\"attachment_62074\" style=\"width: 450px\" class=\"wp-caption alignright\"><a href=\"https:\/\/tvtecjundiai.com.br\/news\/wp-content\/uploads\/sites\/2\/2020\/07\/Design-sem-nome-2-2.png\"><img loading=\"lazy\" decoding=\"async\" aria-describedby=\"caption-attachment-62074\" class=\"wp-image-62074\" src=\"https:\/\/tvtecjundiai.com.br\/news\/wp-content\/uploads\/sites\/2\/2020\/07\/Design-sem-nome-2-2-300x169.png\" alt=\"\" width=\"440\" height=\"248\" srcset=\"https:\/\/tvtecjundiai.com.br\/news\/wp-content\/uploads\/sites\/2\/2020\/07\/Design-sem-nome-2-2-300x169.png 300w, https:\/\/tvtecjundiai.com.br\/news\/wp-content\/uploads\/sites\/2\/2020\/07\/Design-sem-nome-2-2-1200x675.png 1200w, https:\/\/tvtecjundiai.com.br\/news\/wp-content\/uploads\/sites\/2\/2020\/07\/Design-sem-nome-2-2-768x432.png 768w, https:\/\/tvtecjundiai.com.br\/news\/wp-content\/uploads\/sites\/2\/2020\/07\/Design-sem-nome-2-2.png 1280w\" sizes=\"auto, (max-width: 440px) 100vw, 440px\" \/><\/a><p id=\"caption-attachment-62074\" class=\"wp-caption-text\">Pela estimativa da institui\u00e7\u00e3o, ele deve ter ajudado cerca de 4 mil pessoas<\/p><\/div>\n<p>Durante 49 anos, Arnaldo foi doador de sangue e acumulou mais de 700 registros em uma institui\u00e7\u00e3o de Salvador. Ele recebeu uma homenagem pela sua \u00faltima contribui\u00e7\u00e3o para o banco de sangue da Bahia. Arnaldo completa 70 anos, no pr\u00f3ximo dia 22 e, por lei, n\u00e3o poder\u00e1 mais doar sangue.<\/p>\n<p>Um dos seus maiores orgulhos \u00e9 a ver que em sua carteirinha consta o registro da data da primeira doa\u00e7\u00e3o de sangue: 29 de janeiro de 1971. \u201cFui chamado por um colega para doar sangue, porque o pai dele iria fazer uma cirurgia, e estava precisando de doadores. Quando cheguei, comecei a fazer perguntas ao m\u00e9dico que estava de plant\u00e3o e ele me mostrou a import\u00e2ncia da doa\u00e7\u00e3o. Ent\u00e3o, eu continuei\u201d, disse Arnaldo.<\/p>\n<p>Ap\u00f3s a primeira doa\u00e7\u00e3o, os registros continuaram. Nesses 49 anos, Arnaldo fez 294 doa\u00e7\u00f5es de sangue e 444 de plaquetas. Pela estimativa da institui\u00e7\u00e3o, Arnaldo deve ter ajudado cerca de 4 mil pessoas. Em sua \u00faltima doa\u00e7\u00e3o de plaquetas, no dia 15 desse m\u00eas, Arnaldo recebeu uma placa de agradecimento. Ele ainda poder\u00e1 fazer doa\u00e7\u00f5es, mas n\u00e3o de forma volunt\u00e1ria. Agora \u00e9 somente em casos especiais, onde ele receber\u00e1 autoriza\u00e7\u00e3o do m\u00e9dico.<\/p>\n<p><em>(Fonte: Raz\u00f5es Para Acreditar\/Foto: Reprodu\u00e7\u00e3o)<\/em><\/p>\n","protected":false},"excerpt":{"rendered":"<p>Pela estimativa da institui\u00e7\u00e3o, ele deve ter ajudado cerca de 4 mil pessoas<\/p>\n","protected":false},"author":14,"featured_media":62069,"comment_status":"closed","ping_status":"closed","sticky":false,"template":"","format":"standard","meta":{"footnotes":""},"categories":[1,2839],"tags":[3894,3409,7659],"class_list":["post-62061","post","type-post","status-publish","format-standard","has-post-thumbnail","hentry","category-noticias","category-saude","tag-curiosidades","tag-doacao-de-sangue","tag-doador"],"_links":{"self":[{"href":"https:\/\/tvtecjundiai.com.br\/news\/wp-json\/wp\/v2\/posts\/62061","targetHints":{"allow":["GET"]}}],"collection":[{"href":"https:\/\/tvtecjundiai.com.br\/news\/wp-json\/wp\/v2\/posts"}],"about":[{"href":"https:\/\/tvtecjundiai.com.br\/news\/wp-json\/wp\/v2\/types\/post"}],"author":[{"embeddable":true,"href":"https:\/\/tvtecjundiai.com.br\/news\/wp-json\/wp\/v2\/users\/14"}],"replies":[{"embeddable":true,"href":"https:\/\/tvtecjundiai.com.br\/news\/wp-json\/wp\/v2\/comments?post=62061"}],"version-history":[{"count":3,"href":"https:\/\/tvtecjundiai.com.br\/news\/wp-json\/wp\/v2\/posts\/62061\/revisions"}],"predecessor-version":[{"id":62077,"href":"https:\/\/tvtecjundiai.com.br\/news\/wp-json\/wp\/v2\/posts\/62061\/revisions\/62077"}],"wp:featuredmedia":[{"embeddable":true,"href":"https:\/\/tvtecjundiai.com.br\/news\/wp-json\/wp\/v2\/media\/62069"}],"wp:attachment":[{"href":"https:\/\/tvtecjundiai.com.br\/news\/wp-json\/wp\/v2\/media?parent=62061"}],"wp:term":[{"taxonomy":"category","embeddable":true,"href":"https:\/\/tvtecjundiai.com.br\/news\/wp-json\/wp\/v2\/categories?post=62061"},{"taxonomy":"post_tag","embeddable":true,"href":"https:\/\/tvtecjundiai.com.br\/news\/wp-json\/wp\/v2\/tags?post=62061"}],"curies":[{"name":"wp","href":"https:\/\/api.w.org\/{rel}","templated":true}]}}