{"id":62115,"date":"2020-07-21T08:37:14","date_gmt":"2020-07-21T11:37:14","guid":{"rendered":"https:\/\/tvtecjundiai.com.br\/news\/?p=62115"},"modified":"2020-07-21T15:08:13","modified_gmt":"2020-07-21T18:08:13","slug":"idosa-de-101-anos-comemora-cura-da-covid-19-em-jundiai","status":"publish","type":"post","link":"https:\/\/tvtecjundiai.com.br\/news\/2020\/07\/21\/idosa-de-101-anos-comemora-cura-da-covid-19-em-jundiai\/","title":{"rendered":"Idosa de 101 anos comemora cura da Covid-19 em Jundia\u00ed"},"content":{"rendered":"<div id=\"attachment_62116\" style=\"width: 379px\" class=\"wp-caption alignright\"><a href=\"https:\/\/tvtecjundiai.com.br\/news\/wp-content\/uploads\/sites\/2\/2020\/07\/idosa.jpeg\"><img loading=\"lazy\" decoding=\"async\" aria-describedby=\"caption-attachment-62116\" class=\"wp-image-62116\" src=\"https:\/\/tvtecjundiai.com.br\/news\/wp-content\/uploads\/sites\/2\/2020\/07\/idosa-300x243.jpeg\" alt=\"\" width=\"369\" height=\"299\" srcset=\"https:\/\/tvtecjundiai.com.br\/news\/wp-content\/uploads\/sites\/2\/2020\/07\/idosa-300x243.jpeg 300w, https:\/\/tvtecjundiai.com.br\/news\/wp-content\/uploads\/sites\/2\/2020\/07\/idosa-768x621.jpeg 768w, https:\/\/tvtecjundiai.com.br\/news\/wp-content\/uploads\/sites\/2\/2020\/07\/idosa.jpeg 984w\" sizes=\"auto, (max-width: 369px) 100vw, 369px\" \/><\/a><p id=\"caption-attachment-62116\" class=\"wp-caption-text\">Parentes e cuidadores da paciente tamb\u00e9m foram infectados e se recuperaram<\/p><\/div>\n<p>Aos 101 anos, Alice Pereira Prado, conhecida como dona Tita, \u00e9 uma das pacientes curadas de Covid-19, em Jundia\u00ed, o que surpreendeu toda a fam\u00edlia. Parentes da idosa e tamb\u00e9m os cuidadores foram contaminados pelo Coronav\u00edrus, mas j\u00e1 est\u00e3o recuperados.<\/p>\n<div class=\"mc-column content-text active-extra-styles \" data-block-type=\"unstyled\" data-block-weight=\"35\" data-block-id=\"3\">\n<p class=\"content-text__container \" data-track-category=\"Link no Texto\" data-track-links=\"\">A sobrinha de Alice, Silvia Quadros, contou que todos ficaram preocupados quando a matriarca apresentou febre. Ent\u00e3o, decidiram fazer um exame para pneumonia e o teste para a infec\u00e7\u00e3o confirmou o v\u00edrus. \u201cFicamos preocupados, mas ao mesmo tempo ela \u00e9 uma pessoa muito forte. Ela \u00e9 muito positiva, ela tem uma f\u00e9 muito grande\u201d, disse.<\/p>\n<p data-track-category=\"Link no Texto\" data-track-links=\"\">Dona Tita n\u00e3o chegou a ficar internada e afirma que sentiu medo com o diagn\u00f3stico, que foi confirmado na fase final da doen\u00e7a. \u201cMedo, mas me sinto feliz. Agrade\u00e7o a Deus por estar viva e pela minha fam\u00edlia, que cuidou muito bem\u201d, destacou a idosa.<\/p>\n<p data-track-category=\"Link no Texto\" data-track-links=\"\">&#8220;Ficamos impressionados com essa for\u00e7a dela. Ela \u00e9 muito querida, muito l\u00facida&#8221;, ressaltou a sobrinha. Ao todo, 10 pessoas entre parentes e cuidadores contra\u00edram a Covid-19, incluindo a neta. Atualmente, a dona Tita mora com a filha de 76 anos. Recuperados, os parentes esperam realizar uma festa de anivers\u00e1rio para a idosa em setembro.<\/p>\n<p data-track-category=\"Link no Texto\" data-track-links=\"\"><em>(Fonte: G1 Sorocaba e Jundia\u00ed\/Foto: Arquivo Pessoal)<\/em><\/p>\n<\/div>\n","protected":false},"excerpt":{"rendered":"<p>Parentes e cuidadores da paciente tamb\u00e9m foram infectados e se recuperaram<\/p>\n","protected":false},"author":14,"featured_media":62116,"comment_status":"closed","ping_status":"closed","sticky":false,"template":"","format":"standard","meta":{"footnotes":""},"categories":[2834,1,2839],"tags":[6512,5,6511,6771],"class_list":["post-62115","post","type-post","status-publish","format-standard","has-post-thumbnail","hentry","category-cidades","category-noticias","category-saude","tag-covid-19","tag-jundiai","tag-pandemia","tag-recuperados"],"_links":{"self":[{"href":"https:\/\/tvtecjundiai.com.br\/news\/wp-json\/wp\/v2\/posts\/62115","targetHints":{"allow":["GET"]}}],"collection":[{"href":"https:\/\/tvtecjundiai.com.br\/news\/wp-json\/wp\/v2\/posts"}],"about":[{"href":"https:\/\/tvtecjundiai.com.br\/news\/wp-json\/wp\/v2\/types\/post"}],"author":[{"embeddable":true,"href":"https:\/\/tvtecjundiai.com.br\/news\/wp-json\/wp\/v2\/users\/14"}],"replies":[{"embeddable":true,"href":"https:\/\/tvtecjundiai.com.br\/news\/wp-json\/wp\/v2\/comments?post=62115"}],"version-history":[{"count":2,"href":"https:\/\/tvtecjundiai.com.br\/news\/wp-json\/wp\/v2\/posts\/62115\/revisions"}],"predecessor-version":[{"id":62203,"href":"https:\/\/tvtecjundiai.com.br\/news\/wp-json\/wp\/v2\/posts\/62115\/revisions\/62203"}],"wp:featuredmedia":[{"embeddable":true,"href":"https:\/\/tvtecjundiai.com.br\/news\/wp-json\/wp\/v2\/media\/62116"}],"wp:attachment":[{"href":"https:\/\/tvtecjundiai.com.br\/news\/wp-json\/wp\/v2\/media?parent=62115"}],"wp:term":[{"taxonomy":"category","embeddable":true,"href":"https:\/\/tvtecjundiai.com.br\/news\/wp-json\/wp\/v2\/categories?post=62115"},{"taxonomy":"post_tag","embeddable":true,"href":"https:\/\/tvtecjundiai.com.br\/news\/wp-json\/wp\/v2\/tags?post=62115"}],"curies":[{"name":"wp","href":"https:\/\/api.w.org\/{rel}","templated":true}]}}