{"id":62146,"date":"2020-07-21T09:53:41","date_gmt":"2020-07-21T12:53:41","guid":{"rendered":"https:\/\/tvtecjundiai.com.br\/news\/?p=62146"},"modified":"2020-07-21T09:54:37","modified_gmt":"2020-07-21T12:54:37","slug":"warner-vai-lancar-versao-do-diretor-de-liga-da-justica-com-4-horas-de-duracao","status":"publish","type":"post","link":"https:\/\/tvtecjundiai.com.br\/news\/2020\/07\/21\/warner-vai-lancar-versao-do-diretor-de-liga-da-justica-com-4-horas-de-duracao\/","title":{"rendered":"Warner vai lan\u00e7ar vers\u00e3o do diretor de \u2018Liga da Justi\u00e7a\u2019 com 4 horas de dura\u00e7\u00e3o"},"content":{"rendered":"<p>Um dos mais populares grupos de super-her\u00f3is dos\u00a0quadrinhos, a Liga da Justi\u00e7a saiu das p\u00e1ginas do universo da\u00a0DC Comics\u00a0e chegou \u00e0s telas do\u00a0cinema\u00a0em 2017 com muito menos alarde e sucesso \u2013 tanto de cr\u00edtica quanto de p\u00fablico \u2013 do que o esperado. O relativo fracasso trouxe ao p\u00fablico a exist\u00eancia de uma \u201cvers\u00e3o do diretor\u201d do filme, mais longa e supostamente mais sombria, que teve sua exist\u00eancia confirmada pelo diretor Zack Snyder. Depois de uma intensa campanha virtual que envolveu a participa\u00e7\u00e3o do pr\u00f3prio, finalmente a\u00a0Warner Bros anunciou para 2021 o lan\u00e7amento da vers\u00e3o de Snyder de <em>Liga da Justi\u00e7a<\/em>.<\/p>\n<div id=\"attachment_62147\" style=\"width: 419px\" class=\"wp-caption alignright\"><a href=\"https:\/\/tvtecjundiai.com.br\/news\/wp-content\/uploads\/sites\/2\/2020\/07\/Snyder_Liga_02.jpg\"><img loading=\"lazy\" decoding=\"async\" aria-describedby=\"caption-attachment-62147\" class=\"wp-image-62147\" src=\"https:\/\/tvtecjundiai.com.br\/news\/wp-content\/uploads\/sites\/2\/2020\/07\/Snyder_Liga_02-300x188.jpg\" alt=\"\" width=\"409\" height=\"256\" srcset=\"https:\/\/tvtecjundiai.com.br\/news\/wp-content\/uploads\/sites\/2\/2020\/07\/Snyder_Liga_02-300x188.jpg 300w, https:\/\/tvtecjundiai.com.br\/news\/wp-content\/uploads\/sites\/2\/2020\/07\/Snyder_Liga_02.jpg 628w\" sizes=\"auto, (max-width: 409px) 100vw, 409px\" \/><\/a><p id=\"caption-attachment-62147\" class=\"wp-caption-text\">Segundo informa\u00e7\u00f5es, trar\u00e1 novos efeitos, hist\u00f3rias paralelas e outros personagens<\/p><\/div>\n<div class=\"publicidade_artigo_mobile\" data-gtm-vis-recent-on-screen-7380195_15=\"194500\" data-gtm-vis-first-on-screen-7380195_15=\"194500\" data-gtm-vis-total-visible-time-7380195_15=\"100\" data-gtm-vis-has-fired-7380195_15=\"1\">\n<div class=\"publicidade-info-mobile\">\n<p>Com 4 horas de dura\u00e7\u00e3o divididas em seis \u201cepis\u00f3dios\u201d, a nova vers\u00e3o ser\u00e1 lan\u00e7ada exclusivamente na HBO Max e, segundo sites de not\u00edcia, Snyder teria recebido uma verba adicional entre 20 e 30 milh\u00f5es de d\u00f3lares para finalizar e at\u00e9 mesmo retocar certos efeitos especiais.<\/p>\n<p>O investimento extra do est\u00fadio na nova vers\u00e3o surpreendeu, visto que\u00a0<em>Liga da Justi\u00e7a<\/em> partiu de um or\u00e7amento de 300 milh\u00f5es de d\u00f3lares como uma das produ\u00e7\u00f5es mais caras da hist\u00f3ria do cinema. O des\u00e2nimo da cr\u00edtica com a vers\u00e3o lan\u00e7ada pela Warner em 2017 foi acompanhado pelo p\u00fablico, e as bilheterias deixaram para o est\u00fadio uma d\u00edvida de quase 60 milh\u00f5es de d\u00f3lares. Segundo informa\u00e7\u00f5es, apesar de contar a mesma hist\u00f3ria de modo geral, trar\u00e1 novos efeitos, dezenas de cenas cortadas, hist\u00f3rias paralelas e at\u00e9 mesmo novos personagens.<\/p>\n<p><em>(Fonte: Hypeness\/Foto: Divulga\u00e7\u00e3o)<\/em><\/p>\n<\/div>\n<\/div>\n","protected":false},"excerpt":{"rendered":"<p>Segundo informa\u00e7\u00f5es, vers\u00e3o trar\u00e1 novos efeitos, hist\u00f3rias paralelas e outros personagens<\/p>\n","protected":false},"author":13,"featured_media":62147,"comment_status":"closed","ping_status":"closed","sticky":false,"template":"","format":"standard","meta":{"footnotes":""},"categories":[3076,1],"tags":[360,7663,7664],"class_list":["post-62146","post","type-post","status-publish","format-standard","has-post-thumbnail","hentry","category-entretenimento","category-noticias","tag-cinema","tag-liga-da-justica","tag-warner"],"_links":{"self":[{"href":"https:\/\/tvtecjundiai.com.br\/news\/wp-json\/wp\/v2\/posts\/62146","targetHints":{"allow":["GET"]}}],"collection":[{"href":"https:\/\/tvtecjundiai.com.br\/news\/wp-json\/wp\/v2\/posts"}],"about":[{"href":"https:\/\/tvtecjundiai.com.br\/news\/wp-json\/wp\/v2\/types\/post"}],"author":[{"embeddable":true,"href":"https:\/\/tvtecjundiai.com.br\/news\/wp-json\/wp\/v2\/users\/13"}],"replies":[{"embeddable":true,"href":"https:\/\/tvtecjundiai.com.br\/news\/wp-json\/wp\/v2\/comments?post=62146"}],"version-history":[{"count":3,"href":"https:\/\/tvtecjundiai.com.br\/news\/wp-json\/wp\/v2\/posts\/62146\/revisions"}],"predecessor-version":[{"id":62150,"href":"https:\/\/tvtecjundiai.com.br\/news\/wp-json\/wp\/v2\/posts\/62146\/revisions\/62150"}],"wp:featuredmedia":[{"embeddable":true,"href":"https:\/\/tvtecjundiai.com.br\/news\/wp-json\/wp\/v2\/media\/62147"}],"wp:attachment":[{"href":"https:\/\/tvtecjundiai.com.br\/news\/wp-json\/wp\/v2\/media?parent=62146"}],"wp:term":[{"taxonomy":"category","embeddable":true,"href":"https:\/\/tvtecjundiai.com.br\/news\/wp-json\/wp\/v2\/categories?post=62146"},{"taxonomy":"post_tag","embeddable":true,"href":"https:\/\/tvtecjundiai.com.br\/news\/wp-json\/wp\/v2\/tags?post=62146"}],"curies":[{"name":"wp","href":"https:\/\/api.w.org\/{rel}","templated":true}]}}