{"id":62155,"date":"2020-07-21T10:49:54","date_gmt":"2020-07-21T13:49:54","guid":{"rendered":"https:\/\/tvtecjundiai.com.br\/news\/?p=62155"},"modified":"2020-07-21T14:49:50","modified_gmt":"2020-07-21T17:49:50","slug":"educacao-basica-de-jundiai-tem-plataforma-online-com-conteudos-educativos","status":"publish","type":"post","link":"https:\/\/tvtecjundiai.com.br\/news\/2020\/07\/21\/educacao-basica-de-jundiai-tem-plataforma-online-com-conteudos-educativos\/","title":{"rendered":"Educa\u00e7\u00e3o B\u00e1sica de Jundia\u00ed tem plataforma online com conte\u00fados educativos"},"content":{"rendered":"<p>Com a ades\u00e3o da Prefeitura de Jundia\u00ed ao projeto &#8220;Vamos Aprender&#8221;, os alunos de toda a Educa\u00e7\u00e3o B\u00e1sica no munic\u00edpio agora contam com um acr\u00e9scimo significativo de conte\u00fados educacionais para acesso online e gratuito durante o isolamento social.<\/p>\n<div id=\"attachment_62163\" style=\"width: 463px\" class=\"wp-caption alignright\"><a href=\"https:\/\/tvtecjundiai.com.br\/news\/wp-content\/uploads\/sites\/2\/2020\/07\/projeto_vamos_aprender_oficial-768x512-1.png\"><img loading=\"lazy\" decoding=\"async\" aria-describedby=\"caption-attachment-62163\" class=\" wp-image-62163\" src=\"https:\/\/tvtecjundiai.com.br\/news\/wp-content\/uploads\/sites\/2\/2020\/07\/projeto_vamos_aprender_oficial-768x512-1-300x200.png\" alt=\"\" width=\"453\" height=\"302\" srcset=\"https:\/\/tvtecjundiai.com.br\/news\/wp-content\/uploads\/sites\/2\/2020\/07\/projeto_vamos_aprender_oficial-768x512-1-300x200.png 300w, https:\/\/tvtecjundiai.com.br\/news\/wp-content\/uploads\/sites\/2\/2020\/07\/projeto_vamos_aprender_oficial-768x512-1.png 768w\" sizes=\"auto, (max-width: 453px) 100vw, 453px\" \/><\/a><p id=\"caption-attachment-62163\" class=\"wp-caption-text\">No total, ser\u00e3o disponibilizados 320 programas pedag\u00f3gicos, como v\u00eddeos interativos, exerc\u00edcios, textos e orienta\u00e7\u00f5es, de todas as \u00e1reas do conhecimento.<\/p><\/div>\n<p>Ser\u00e3o disponibilizados 320 programas pedag\u00f3gicos, como v\u00eddeos interativos, exerc\u00edcios, textos e orienta\u00e7\u00f5es, de todas as \u00e1reas do conhecimento. Os programas s\u00e3o veiculados na <a href=\"https:\/\/sites.google.com\/educacao.jundiai.sp.gov.br\/rotina-para-a-quarentena-\/programa-vamos-aprender\" target=\"_blank\" rel=\"noopener noreferrer\">plataforma online de Educa\u00e7\u00e3o<\/a> e pela TVTEC, no canal 24 da NET, por tr\u00eas horas di\u00e1rias, de segunda a s\u00e1bado, das 6h30 \u00e0s 7h30, das 9h \u00e0s 9h30, das 14h30 \u00e0s 15h30 e das 18h30 \u00e0s 19h.<\/p>\n<p>Os conte\u00fados podem ser aproveitados por todos os alunos da rede, de quatro a dez anos, na Educa\u00e7\u00e3o Infantil I e II e do Ensino Fundamental I, al\u00e9m dos estudantes da Educa\u00e7\u00e3o de Jovens e Adultos (EJA) e s\u00e3o produzidos por diversas institui\u00e7\u00f5es, como o Canal Futura e a TV Escola.<\/p>\n<p>Desenvolvido pelo Undime e Consed, o projeto \u201cVamos Aprender\u201d conta com os apoios da Funda\u00e7\u00e3o Lemann, da Funda\u00e7\u00e3o Roberto Marinho, do Centro de Inova\u00e7\u00e3o para a Educa\u00e7\u00e3o Brasileira (CIEB) e da Organiza\u00e7\u00e3o das Na\u00e7\u00f5es Unidas para a Educa\u00e7\u00e3o, a Ci\u00eancia e a Cultura (Unesco).<\/p>\n<p>A diretora do Departamento de Forma\u00e7\u00e3o da UGE, T\u00e2nia Gurgel, comenta que, paralelamente, a Prefeitura, por meio da Unidade de Gest\u00e3o de Cultura (UGC), tamb\u00e9m cedeu conte\u00fados \u00e0 Undime e ao Consed, ap\u00f3s o interesse das organiza\u00e7\u00f5es na <a href=\"https:\/\/cultura.jundiai.sp.gov.br\/fiqueemcasa-da-cultura\/corpos-artisticos-da-cultura\/quarentena-de-historias-com-a-cia-de-teatro-de-jundiai\/\" target=\"_blank\" rel=\"noopener noreferrer\">\u2018Quarentena de hist\u00f3rias\u2019 da Cia. de Teatro.<\/a><\/p>\n<p><em>(Fonte\/Foto: Prefeitura de Jundia\u00ed)<\/em><\/p>\n","protected":false},"excerpt":{"rendered":"<p>Ser\u00e3o disponibilizados 320 programas pedag\u00f3gicos de todas as \u00e1reas do conhecimento <\/p>\n","protected":false},"author":13,"featured_media":62163,"comment_status":"closed","ping_status":"closed","sticky":false,"template":"","format":"standard","meta":{"footnotes":""},"categories":[2834,1],"tags":[7665,5,7528],"class_list":["post-62155","post","type-post","status-publish","format-standard","has-post-thumbnail","hentry","category-cidades","category-noticias","tag-conteudos-educativos","tag-jundiai","tag-vamos-aprender"],"_links":{"self":[{"href":"https:\/\/tvtecjundiai.com.br\/news\/wp-json\/wp\/v2\/posts\/62155","targetHints":{"allow":["GET"]}}],"collection":[{"href":"https:\/\/tvtecjundiai.com.br\/news\/wp-json\/wp\/v2\/posts"}],"about":[{"href":"https:\/\/tvtecjundiai.com.br\/news\/wp-json\/wp\/v2\/types\/post"}],"author":[{"embeddable":true,"href":"https:\/\/tvtecjundiai.com.br\/news\/wp-json\/wp\/v2\/users\/13"}],"replies":[{"embeddable":true,"href":"https:\/\/tvtecjundiai.com.br\/news\/wp-json\/wp\/v2\/comments?post=62155"}],"version-history":[{"count":4,"href":"https:\/\/tvtecjundiai.com.br\/news\/wp-json\/wp\/v2\/posts\/62155\/revisions"}],"predecessor-version":[{"id":62167,"href":"https:\/\/tvtecjundiai.com.br\/news\/wp-json\/wp\/v2\/posts\/62155\/revisions\/62167"}],"wp:featuredmedia":[{"embeddable":true,"href":"https:\/\/tvtecjundiai.com.br\/news\/wp-json\/wp\/v2\/media\/62163"}],"wp:attachment":[{"href":"https:\/\/tvtecjundiai.com.br\/news\/wp-json\/wp\/v2\/media?parent=62155"}],"wp:term":[{"taxonomy":"category","embeddable":true,"href":"https:\/\/tvtecjundiai.com.br\/news\/wp-json\/wp\/v2\/categories?post=62155"},{"taxonomy":"post_tag","embeddable":true,"href":"https:\/\/tvtecjundiai.com.br\/news\/wp-json\/wp\/v2\/tags?post=62155"}],"curies":[{"name":"wp","href":"https:\/\/api.w.org\/{rel}","templated":true}]}}