{"id":62157,"date":"2020-07-21T14:27:58","date_gmt":"2020-07-21T17:27:58","guid":{"rendered":"https:\/\/tvtecjundiai.com.br\/news\/?p=62157"},"modified":"2020-07-21T14:27:58","modified_gmt":"2020-07-21T17:27:58","slug":"tvtec-transforma-ta-na-lista-e-lives-de-marcio-miguel-em-podcasts","status":"publish","type":"post","link":"https:\/\/tvtecjundiai.com.br\/news\/2020\/07\/21\/tvtec-transforma-ta-na-lista-e-lives-de-marcio-miguel-em-podcasts\/","title":{"rendered":"TVTEC transforma T\u00e1 na Lista e lives de M\u00e1rcio Miguel em podcasts"},"content":{"rendered":"<p>A TVTEC, plataforma multim\u00eddia da Prefeitura de Jundia\u00ed, coloca no ar como podcasts, a partir desta semana, as lives realizadas no Instagram e tamb\u00e9m as entrevistas do programa semanal <em>T\u00e1 na Lista<\/em>. Ambos s\u00e3o apresentados por M\u00e1rcio Miguel.<\/p>\n<div id=\"attachment_62158\" style=\"width: 339px\" class=\"wp-caption alignright\"><img loading=\"lazy\" decoding=\"async\" aria-describedby=\"caption-attachment-62158\" class=\"wp-image-62158\" src=\"https:\/\/tvtecjundiai.com.br\/news\/wp-content\/uploads\/sites\/2\/2020\/07\/ta-na-lista-300x169.jpg\" alt=\"\" width=\"329\" height=\"185\" srcset=\"https:\/\/tvtecjundiai.com.br\/news\/wp-content\/uploads\/sites\/2\/2020\/07\/ta-na-lista-300x169.jpg 300w, https:\/\/tvtecjundiai.com.br\/news\/wp-content\/uploads\/sites\/2\/2020\/07\/ta-na-lista-1200x675.jpg 1200w, https:\/\/tvtecjundiai.com.br\/news\/wp-content\/uploads\/sites\/2\/2020\/07\/ta-na-lista-768x432.jpg 768w, https:\/\/tvtecjundiai.com.br\/news\/wp-content\/uploads\/sites\/2\/2020\/07\/ta-na-lista.jpg 1280w\" sizes=\"auto, (max-width: 329px) 100vw, 329px\" \/><p id=\"caption-attachment-62158\" class=\"wp-caption-text\">O T\u00e1 na Lista, agora tamb\u00e9m transformado em podcast, para voc\u00ea ouvir a hora que quiser<\/p><\/div>\n<p>Os programas abordam quest\u00f5es atuais e de interesse p\u00fablico como a quarentena para a terceira idade, o consumo desenfreado, as compuls\u00f5es e a sa\u00fade mental na pandemia, o despertar da consci\u00eancia, astrologia, cinema e m\u00fasica, com entrevistados populares e temas sempre atuais.<\/p>\n<p>M\u00e1rcio est\u00e1 entusiasmado com o projeto. &#8220;O principal disso tudo \u00e9 poder levar o conte\u00fado para o espectador\/ouvinte em mais uma plataforma. Tem muita gente que ainda gosta de acompanhar pela TV. Ou tem gente que gosta de acompanhar pelo Facebook e at\u00e9 mesmo escolher a hora de assistir pelo YouTube. E agora, poder transformar esse conte\u00fado em \u00e1udio, pra que a pessoa possa escutar a hora que quiser e da maneira que quiser, \u00e9 maravilhoso!&#8221;, avalia. &#8220;D\u00e1 para limpar a casa, lavar lou\u00e7a, fazer uma caminhada e ainda se informar. A TVTEC d\u00e1 quatro op\u00e7\u00f5es pra pessoa escolher a melhor para ela&#8221;, completa.<\/p>\n<p>M\u00e1rcio atua como profissional de cultura e variedades, na tev\u00ea p\u00fablica de Jundia\u00ed &#8211; antes TVE Jundia\u00ed e agora TVTEC &#8211; h\u00e1 mais de 20 anos. Voc\u00ea pode acessar os podcasts da TVTEC, <a href=\"https:\/\/tvtecjundiai.com.br\/podcast-tvtec\/\" target=\"_blank\" rel=\"noopener noreferrer\"><strong>clicando aqui<\/strong><\/a>.<\/p>\n<p><em>(Fotos: Divulga\u00e7\u00e3o)<\/em><\/p>\n<p>&nbsp;<\/p>\n","protected":false},"excerpt":{"rendered":"<p>Os programas abordam quest\u00f5es atuais de cultura, cinema e de interesse p\u00fablico<\/p>\n","protected":false},"author":8,"featured_media":62159,"comment_status":"closed","ping_status":"closed","sticky":false,"template":"","format":"standard","meta":{"footnotes":""},"categories":[2833,29,3076,1],"tags":[6369],"class_list":["post-62157","post","type-post","status-publish","format-standard","has-post-thumbnail","hentry","category-cultura","category-destaque","category-entretenimento","category-noticias","tag-podcast-tvtec"],"_links":{"self":[{"href":"https:\/\/tvtecjundiai.com.br\/news\/wp-json\/wp\/v2\/posts\/62157","targetHints":{"allow":["GET"]}}],"collection":[{"href":"https:\/\/tvtecjundiai.com.br\/news\/wp-json\/wp\/v2\/posts"}],"about":[{"href":"https:\/\/tvtecjundiai.com.br\/news\/wp-json\/wp\/v2\/types\/post"}],"author":[{"embeddable":true,"href":"https:\/\/tvtecjundiai.com.br\/news\/wp-json\/wp\/v2\/users\/8"}],"replies":[{"embeddable":true,"href":"https:\/\/tvtecjundiai.com.br\/news\/wp-json\/wp\/v2\/comments?post=62157"}],"version-history":[{"count":3,"href":"https:\/\/tvtecjundiai.com.br\/news\/wp-json\/wp\/v2\/posts\/62157\/revisions"}],"predecessor-version":[{"id":62183,"href":"https:\/\/tvtecjundiai.com.br\/news\/wp-json\/wp\/v2\/posts\/62157\/revisions\/62183"}],"wp:featuredmedia":[{"embeddable":true,"href":"https:\/\/tvtecjundiai.com.br\/news\/wp-json\/wp\/v2\/media\/62159"}],"wp:attachment":[{"href":"https:\/\/tvtecjundiai.com.br\/news\/wp-json\/wp\/v2\/media?parent=62157"}],"wp:term":[{"taxonomy":"category","embeddable":true,"href":"https:\/\/tvtecjundiai.com.br\/news\/wp-json\/wp\/v2\/categories?post=62157"},{"taxonomy":"post_tag","embeddable":true,"href":"https:\/\/tvtecjundiai.com.br\/news\/wp-json\/wp\/v2\/tags?post=62157"}],"curies":[{"name":"wp","href":"https:\/\/api.w.org\/{rel}","templated":true}]}}