{"id":62246,"date":"2020-07-22T08:52:12","date_gmt":"2020-07-22T11:52:12","guid":{"rendered":"https:\/\/tvtecjundiai.com.br\/news\/?p=62246"},"modified":"2020-07-22T11:51:58","modified_gmt":"2020-07-22T14:51:58","slug":"cometa-neowise-pode-ser-visto-no-brasil-a-partir-desta-semana","status":"publish","type":"post","link":"https:\/\/tvtecjundiai.com.br\/news\/2020\/07\/22\/cometa-neowise-pode-ser-visto-no-brasil-a-partir-desta-semana\/","title":{"rendered":"Cometa Neowise pode ser visto no Brasil a partir desta semana"},"content":{"rendered":"<p>O cometa Neowise, que tem passado pela Am\u00e9rica do Norte nas \u00faltimas semanas, poder\u00e1 ser visto nos c\u00e9us brasileiros entre ter\u00e7a-feira (21) at\u00e9 o dia 30 de julho. As previs\u00f5es apontam que ele estar\u00e1 vis\u00edvel primeiro nos estados do Norte e do Nordeste, e depois no Sudeste e no Sul do Brasil. A expectativa \u00e9 que ele ficar\u00e1 vis\u00edvel em 24 de julho em S\u00e3o Paulo e no dia 26 o pa\u00eds inteiro conseguir\u00e1 v\u00ea-lo.<\/p>\n<div id=\"attachment_62255\" style=\"width: 423px\" class=\"wp-caption alignright\"><a href=\"https:\/\/tvtecjundiai.com.br\/news\/wp-content\/uploads\/sites\/2\/2020\/07\/neowise-1.jpg\"><img loading=\"lazy\" decoding=\"async\" aria-describedby=\"caption-attachment-62255\" class=\"wp-image-62255\" src=\"https:\/\/tvtecjundiai.com.br\/news\/wp-content\/uploads\/sites\/2\/2020\/07\/neowise-1-300x200.jpg\" alt=\"\" width=\"413\" height=\"275\" srcset=\"https:\/\/tvtecjundiai.com.br\/news\/wp-content\/uploads\/sites\/2\/2020\/07\/neowise-1-300x200.jpg 300w, https:\/\/tvtecjundiai.com.br\/news\/wp-content\/uploads\/sites\/2\/2020\/07\/neowise-1.jpg 680w\" sizes=\"auto, (max-width: 413px) 100vw, 413px\" \/><\/a><p id=\"caption-attachment-62255\" class=\"wp-caption-text\">O cometa s\u00f3 passar\u00e1 pela Terra novamente daqui a 6.800 anos<\/p><\/div>\n<p>Segundo recomenda\u00e7\u00f5es da\u00a0Nasa, para conseguir v\u00ea-lo \u00e9 preciso achar um local longe das luzes da cidade e observar o c\u00e9u ap\u00f3s o p\u00f4r do sol. A ag\u00eancia espacial americana tamb\u00e9m afirma que a utiliza\u00e7\u00e3o de bin\u00f3culos e telesc\u00f3pios pequenos pode ser \u00fatil no momento da observa\u00e7\u00e3o. No entanto, n\u00e3o \u00e9 certeza de que ele j\u00e1 estar\u00e1 totalmente vis\u00edvel no dia de hoje, visto que a ilumina\u00e7\u00e3o de um cometa pode variar muito de um dia para o outro.<\/p>\n<p>O Neowise foi descoberto em 27 de mar\u00e7o deste ano. Na \u00e9poca, n\u00e3o era poss\u00edvel afirmar que ele seria vis\u00edvel a olho nu na Terra, mas com o passar do tempo ele foi se aproximando cada vez mais do nosso planeta. Ele estar\u00e1 mais pr\u00f3ximo daqui no dia 23 de julho, h\u00e1 aproximadamente 103 milh\u00f5es de quil\u00f4metros de dist\u00e2ncia.<\/p>\n<p>Se voc\u00ea n\u00e3o conseguir v\u00ea-lo desta vez,\u00a0n\u00e3o haver\u00e1 uma segunda chance. Segundo o c\u00e1lculo dos astr\u00f4nomos, o cometa s\u00f3 passar\u00e1 pr\u00f3ximo da Terra daqui a 6.800 anos.<\/p>\n<p><em>(Fonte: Hypeness\/Foto: Rich Fury\/Getty Images)<\/em><\/p>\n","protected":false},"excerpt":{"rendered":"<p>O cometa s\u00f3 passar\u00e1 pela Terra novamente daqui a 6.800 anos<\/p>\n","protected":false},"author":14,"featured_media":62255,"comment_status":"closed","ping_status":"closed","sticky":false,"template":"","format":"standard","meta":{"footnotes":""},"categories":[7423,1],"tags":[1903,7538,2200,539],"class_list":["post-62246","post","type-post","status-publish","format-standard","has-post-thumbnail","hentry","category-astronomia","category-noticias","tag-brasil","tag-cometa","tag-nasa","tag-terra"],"_links":{"self":[{"href":"https:\/\/tvtecjundiai.com.br\/news\/wp-json\/wp\/v2\/posts\/62246","targetHints":{"allow":["GET"]}}],"collection":[{"href":"https:\/\/tvtecjundiai.com.br\/news\/wp-json\/wp\/v2\/posts"}],"about":[{"href":"https:\/\/tvtecjundiai.com.br\/news\/wp-json\/wp\/v2\/types\/post"}],"author":[{"embeddable":true,"href":"https:\/\/tvtecjundiai.com.br\/news\/wp-json\/wp\/v2\/users\/14"}],"replies":[{"embeddable":true,"href":"https:\/\/tvtecjundiai.com.br\/news\/wp-json\/wp\/v2\/comments?post=62246"}],"version-history":[{"count":1,"href":"https:\/\/tvtecjundiai.com.br\/news\/wp-json\/wp\/v2\/posts\/62246\/revisions"}],"predecessor-version":[{"id":62256,"href":"https:\/\/tvtecjundiai.com.br\/news\/wp-json\/wp\/v2\/posts\/62246\/revisions\/62256"}],"wp:featuredmedia":[{"embeddable":true,"href":"https:\/\/tvtecjundiai.com.br\/news\/wp-json\/wp\/v2\/media\/62255"}],"wp:attachment":[{"href":"https:\/\/tvtecjundiai.com.br\/news\/wp-json\/wp\/v2\/media?parent=62246"}],"wp:term":[{"taxonomy":"category","embeddable":true,"href":"https:\/\/tvtecjundiai.com.br\/news\/wp-json\/wp\/v2\/categories?post=62246"},{"taxonomy":"post_tag","embeddable":true,"href":"https:\/\/tvtecjundiai.com.br\/news\/wp-json\/wp\/v2\/tags?post=62246"}],"curies":[{"name":"wp","href":"https:\/\/api.w.org\/{rel}","templated":true}]}}