{"id":62259,"date":"2020-07-22T09:09:34","date_gmt":"2020-07-22T12:09:34","guid":{"rendered":"https:\/\/tvtecjundiai.com.br\/news\/?p=62259"},"modified":"2020-07-22T11:43:45","modified_gmt":"2020-07-22T14:43:45","slug":"jundiai-paga-auxilio-para-familias-em-vulnerabilidade-social","status":"publish","type":"post","link":"https:\/\/tvtecjundiai.com.br\/news\/2020\/07\/22\/jundiai-paga-auxilio-para-familias-em-vulnerabilidade-social\/","title":{"rendered":"Jundia\u00ed paga aux\u00edlio para fam\u00edlias em vulnerabilidade social"},"content":{"rendered":"<p>A Unidade de Gest\u00e3o de Assist\u00eancia e Desenvolvimento (UGADS) iniciou o credenciamento dos benefici\u00e1rios do aux\u00edlio calamidade p\u00fablica, ap\u00f3s regulamentar os crit\u00e9rios de pagamento. O munic\u00edpio declarou estado de calamidade p\u00fablica no Decreto n\u00ba28.296, do dia 24 de mar\u00e7o, em raz\u00e3o da pandemia do Coronav\u00edrus.<\/p>\n<div id=\"attachment_62260\" style=\"width: 418px\" class=\"wp-caption alignright\"><a href=\"https:\/\/tvtecjundiai.com.br\/news\/wp-content\/uploads\/sites\/2\/2020\/07\/auxilio_calamidade_novo_horizonte-66-768x523-1.jpg\"><img loading=\"lazy\" decoding=\"async\" aria-describedby=\"caption-attachment-62260\" class=\"wp-image-62260\" src=\"https:\/\/tvtecjundiai.com.br\/news\/wp-content\/uploads\/sites\/2\/2020\/07\/auxilio_calamidade_novo_horizonte-66-768x523-1-300x204.jpg\" alt=\"\" width=\"408\" height=\"278\" srcset=\"https:\/\/tvtecjundiai.com.br\/news\/wp-content\/uploads\/sites\/2\/2020\/07\/auxilio_calamidade_novo_horizonte-66-768x523-1-300x204.jpg 300w, https:\/\/tvtecjundiai.com.br\/news\/wp-content\/uploads\/sites\/2\/2020\/07\/auxilio_calamidade_novo_horizonte-66-768x523-1.jpg 768w\" sizes=\"auto, (max-width: 408px) 100vw, 408px\" \/><\/a><p id=\"caption-attachment-62260\" class=\"wp-caption-text\">Ana Cl\u00e1udia recebeu seu cart\u00e3o no CRAS Novo Horizonte e avaliou ser muito f\u00e1cil o m\u00e9todo para saque do dinheiro<\/p><\/div>\n<p>O aux\u00edlio foi estabelecido pela lei municipal n\u00ba 8.265\/14, que regula a Pol\u00edtica de Assist\u00eancia Social em Jundia\u00ed, por\u00e9m nunca havia sido pago. O benef\u00edcio no valor de R$ 150,00 \u00e9 entregue por meio de cart\u00e3o pr\u00e9-pago, denominado Duo Card, com fun\u00e7\u00e3o saque, comercializado pela empresa Ticket com saldo creditado integralmente pela Prefeitura, em parcela \u00fanica, conforme definido na lei e deve ser sacado em caixa eletr\u00f4nico da rede Banco 24 horas, para maior seguran\u00e7a do usu\u00e1rio.<\/p>\n<p>No total, a Prefeitura ir\u00e1 distribuir dois mil cart\u00f5es at\u00e9 o final do ano, com investimento social de R$ 300 mil a fam\u00edlias que se enquadram nos crit\u00e9rios de vulnerabilidade social discriminados na Portaria n\u00ba 03\/2020.<\/p>\n<p>T\u00eam direito ao benef\u00edcio fam\u00edlias em alto risco social que: estejam em situa\u00e7\u00e3o de pobreza (renda familiar mensal per capita de at\u00e9 R$ 178) ou extrema pobreza (renda familiar mensal per capita de at\u00e9 R$ 89), com ou sem Cadastro \u00danico , considerando na contagem da renda o recebimento de Benef\u00edcio de Presta\u00e7\u00e3o Continuada (BPC) e o aux\u00edlio emergencial do governo federal; que residam em moradia prec\u00e1ria, com grande concentra\u00e7\u00e3o de pessoas, incluindo crian\u00e7as, adolescentes ou indiv\u00edduos do grupo de risco (idosos ou pessoas com defici\u00eancia ou doen\u00e7as cr\u00f4nicas); idosos que residem sozinhos; ou chefiadas por pessoas que n\u00e3o t\u00eam trabalho formal e se encontram impedidas de trabalhar neste per\u00edodo por conta da pandemia, cadastradas ou n\u00e3o como aut\u00f4nomos ou MEI, e n\u00e3o vinculadas ao sistema de seguridade social do INSS.<\/p>\n<p>Os atendimentos e entregas de cart\u00f5es s\u00e3o feitos nos seis CRAS, no Centro de Refer\u00eancia Especializado da Assist\u00eancia Social (CREAS) e no Centro Pop, espalhados pelo munic\u00edpio. A fim de evitar deslocamentos e aglomera\u00e7\u00f5es, as pessoas que se enquadram nos crit\u00e9rios e quiserem solicitar o aux\u00edlio devem procurar esses equipamentos da assist\u00eancia social, pelos telefones indicados abaixo ou pelo WhatsApp. As fam\u00edlias selecionadas s\u00e3o contatadas pelos servi\u00e7os, que orientam quanto \u00e0 documenta\u00e7\u00e3o necess\u00e1ria.<\/p>\n<p><strong>Os equipamentos da UGADS podem ser acessados pelos n\u00fameros:<\/strong><\/p>\n<ul>\n<li>Cras Central \u2013 telefone: 4522-1033\/ celular e WhatsApp: 94088-7365;<\/li>\n<li>Cras Novo Horizonte \u2013 telefone e WhatsApp: 4817-3998\/ celular: 94088-7399;<\/li>\n<li>Cras Santa Gertrudes \u2013 telefone: 4537-2981\/ celular e WhatsApp: 94087-4528;<\/li>\n<li>Cras S\u00e3o Camilo \u2013 telefone: 4526-8609\/ celular e WhatsApp: 94087-4526;<\/li>\n<li>Cras Tamoio \u2013 telefone: 4527-3900\/ celular e WhatsApp: 94088-7395;<\/li>\n<li>Cras Vista Alegre \u2013 telefone: 4815-3662\/ celular e WhatsApp: 94087-4564;<\/li>\n<li>Creas \u2013 telefone: (11) 4521-7142\/ celular e WhatsApp e (11) 94087-4521<\/li>\n<li>Centro Pop \u2013 telefone: (11) 4583-7301.<\/li>\n<\/ul>\n<p><em>(Fonte\/Foto: Prefeitura de Jundia\u00ed)<\/em><\/p>\n","protected":false},"excerpt":{"rendered":"<p>O benef\u00edcio \u00e9 entregue atrav\u00e9s de cart\u00e3o pr\u00e9-pago, denominado Duo Card<\/p>\n","protected":false},"author":13,"featured_media":62260,"comment_status":"closed","ping_status":"closed","sticky":false,"template":"","format":"standard","meta":{"footnotes":""},"categories":[2834,1],"tags":[7675,6242,5],"class_list":["post-62259","post","type-post","status-publish","format-standard","has-post-thumbnail","hentry","category-cidades","category-noticias","tag-auxilio-calamidade-publica","tag-coronavirus","tag-jundiai"],"_links":{"self":[{"href":"https:\/\/tvtecjundiai.com.br\/news\/wp-json\/wp\/v2\/posts\/62259","targetHints":{"allow":["GET"]}}],"collection":[{"href":"https:\/\/tvtecjundiai.com.br\/news\/wp-json\/wp\/v2\/posts"}],"about":[{"href":"https:\/\/tvtecjundiai.com.br\/news\/wp-json\/wp\/v2\/types\/post"}],"author":[{"embeddable":true,"href":"https:\/\/tvtecjundiai.com.br\/news\/wp-json\/wp\/v2\/users\/13"}],"replies":[{"embeddable":true,"href":"https:\/\/tvtecjundiai.com.br\/news\/wp-json\/wp\/v2\/comments?post=62259"}],"version-history":[{"count":4,"href":"https:\/\/tvtecjundiai.com.br\/news\/wp-json\/wp\/v2\/posts\/62259\/revisions"}],"predecessor-version":[{"id":62316,"href":"https:\/\/tvtecjundiai.com.br\/news\/wp-json\/wp\/v2\/posts\/62259\/revisions\/62316"}],"wp:featuredmedia":[{"embeddable":true,"href":"https:\/\/tvtecjundiai.com.br\/news\/wp-json\/wp\/v2\/media\/62260"}],"wp:attachment":[{"href":"https:\/\/tvtecjundiai.com.br\/news\/wp-json\/wp\/v2\/media?parent=62259"}],"wp:term":[{"taxonomy":"category","embeddable":true,"href":"https:\/\/tvtecjundiai.com.br\/news\/wp-json\/wp\/v2\/categories?post=62259"},{"taxonomy":"post_tag","embeddable":true,"href":"https:\/\/tvtecjundiai.com.br\/news\/wp-json\/wp\/v2\/tags?post=62259"}],"curies":[{"name":"wp","href":"https:\/\/api.w.org\/{rel}","templated":true}]}}