{"id":62319,"date":"2020-07-22T12:19:06","date_gmt":"2020-07-22T15:19:06","guid":{"rendered":"https:\/\/tvtecjundiai.com.br\/news\/?p=62319"},"modified":"2020-07-22T12:19:06","modified_gmt":"2020-07-22T15:19:06","slug":"nuvem-gigante-de-formigas-voadoras-e-vista-em-mapa-meteorologico","status":"publish","type":"post","link":"https:\/\/tvtecjundiai.com.br\/news\/2020\/07\/22\/nuvem-gigante-de-formigas-voadoras-e-vista-em-mapa-meteorologico\/","title":{"rendered":"Nuvem gigante de formigas voadoras \u00e9 vista em mapa meteorol\u00f3gico"},"content":{"rendered":"<div id=\"attachment_62322\" style=\"width: 378px\" class=\"wp-caption alignright\"><a href=\"https:\/\/tvtecjundiai.com.br\/news\/wp-content\/uploads\/sites\/2\/2020\/07\/formiga-voadora.jpg\"><img loading=\"lazy\" decoding=\"async\" aria-describedby=\"caption-attachment-62322\" class=\"wp-image-62322\" src=\"https:\/\/tvtecjundiai.com.br\/news\/wp-content\/uploads\/sites\/2\/2020\/07\/formiga-voadora-300x200.jpg\" alt=\"\" width=\"368\" height=\"245\" srcset=\"https:\/\/tvtecjundiai.com.br\/news\/wp-content\/uploads\/sites\/2\/2020\/07\/formiga-voadora-300x200.jpg 300w, https:\/\/tvtecjundiai.com.br\/news\/wp-content\/uploads\/sites\/2\/2020\/07\/formiga-voadora-768x512.jpg 768w, https:\/\/tvtecjundiai.com.br\/news\/wp-content\/uploads\/sites\/2\/2020\/07\/formiga-voadora.jpg 960w\" sizes=\"auto, (max-width: 368px) 100vw, 368px\" \/><\/a><p id=\"caption-attachment-62322\" class=\"wp-caption-text\">A imensa nuvem foi confundida pelos meteorologistas com a chegada de uma grande tempestade<\/p><\/div>\n<p>Quando meteorologistas viram uma imensa mancha azul sobre o Reino Unido e a Irlanda, logo pensaram que tratava de uma grande tempestade a se mover sobre o territ\u00f3rio dos dois pa\u00edses. Mas estavam totalmente enganados. O que pensavam ser chuva, na \u00faltima sexta-feira (17), era, na verdade, o deslocamento de uma nuvem\u00a0gigantesca de formigas voadoras. O assunto foi grande destaque nos jornais locais.<\/p>\n<p>Meteorologistas da regi\u00e3o relataram \u00e0 m\u00eddia dos dois pa\u00edses que, durante o ver\u00e3o no Hemisf\u00e9rio Norte, as formigas chegam a al\u00e7ar voos em uma \u201cemerg\u00eancia coletiva\u201d. Isso ocorre geralmente em dias quentes, \u00famidos e sem vento. Depois de uma an\u00e1lise mais detalhada, eles descobriram que o fen\u00f4meno pode ocorrer pela necessidade de as formigas-rainhas buscarem novos \u201clares\u201d para suas col\u00f4nias.<\/p>\n<p>Ao site\u00a0<em>Dublinlive<\/em>, uma mulher de Terenure, em Dublin, diz que ficou em choque depois que milhares de insetos invadiram a casa dela na noite de segunda-feira (20). Rebecca Flynn relatou que j\u00e1 havia recebido a visita dos insetos em anos anteriores, mas a quantidade que foi encontrada em seu jardim foi assustadora. \u201cGritei com meu marido para fechar todas as janelas e portas\u201d, afirmou a mulher.<\/p>\n<p>Ap\u00f3s o registro meteorol\u00f3gico, a nuvem se deslocou para a regi\u00e3o de Londres e do Sudeste da Inglaterra, depois se dissipou.<\/p>\n<blockquote class=\"twitter-tweet\" data-width=\"500\" data-dnt=\"true\">\n<p lang=\"en\" dir=\"ltr\">It&#39;s not raining in London, Kent or Sussex, but our radar says otherwise&#8230;\ud83d\udce1<\/p>\n<p>The radar is actually picking up a swarm of <a href=\"https:\/\/twitter.com\/hashtag\/flyingants?src=hash&amp;ref_src=twsrc%5Etfw\">#flyingants<\/a> across the southeast \ud83d\udc1c<\/p>\n<p>During the summer ants can take to the skies in a mass emergence usually on warm, humid and windless days <a href=\"https:\/\/twitter.com\/hashtag\/flyingantday?src=hash&amp;ref_src=twsrc%5Etfw\">#flyingantday<\/a> <a href=\"https:\/\/t.co\/aMF6RxR943\">pic.twitter.com\/aMF6RxR943<\/a><\/p>\n<p>&mdash; Met Office (@metoffice) <a href=\"https:\/\/twitter.com\/metoffice\/status\/1284075613331038208?ref_src=twsrc%5Etfw\">July 17, 2020<\/a><\/p><\/blockquote>\n<p><script async src=\"https:\/\/platform.twitter.com\/widgets.js\" charset=\"utf-8\"><\/script><\/p>\n<div class=\"m-banner-wrap m-banner-rectangle m-publicity-content-middle\">\n<div id=\"div-gpt-ad-mundo-quadrado-3\" class=\"ad-quadrado\" data-google-query-id=\"CN_Usd6S4eoCFc4HwwodjXcGOA\"><em>(Fonte: Metr\u00f3poles\/Foto: Reprodu\u00e7\u00e3o)<\/em><\/div>\n<\/div>\n","protected":false},"excerpt":{"rendered":"<p>A imensa nuvem foi confundida pelos meteorologistas com a chegada de uma grande tempestade<\/p>\n","protected":false},"author":14,"featured_media":62322,"comment_status":"closed","ping_status":"closed","sticky":false,"template":"","format":"standard","meta":{"footnotes":""},"categories":[3084,1,2824],"tags":[4970,7679],"class_list":["post-62319","post","type-post","status-publish","format-standard","has-post-thumbnail","hentry","category-mundo","category-noticias","category-variedades","tag-meteorologia","tag-nuvem-de-formigas"],"_links":{"self":[{"href":"https:\/\/tvtecjundiai.com.br\/news\/wp-json\/wp\/v2\/posts\/62319","targetHints":{"allow":["GET"]}}],"collection":[{"href":"https:\/\/tvtecjundiai.com.br\/news\/wp-json\/wp\/v2\/posts"}],"about":[{"href":"https:\/\/tvtecjundiai.com.br\/news\/wp-json\/wp\/v2\/types\/post"}],"author":[{"embeddable":true,"href":"https:\/\/tvtecjundiai.com.br\/news\/wp-json\/wp\/v2\/users\/14"}],"replies":[{"embeddable":true,"href":"https:\/\/tvtecjundiai.com.br\/news\/wp-json\/wp\/v2\/comments?post=62319"}],"version-history":[{"count":2,"href":"https:\/\/tvtecjundiai.com.br\/news\/wp-json\/wp\/v2\/posts\/62319\/revisions"}],"predecessor-version":[{"id":62326,"href":"https:\/\/tvtecjundiai.com.br\/news\/wp-json\/wp\/v2\/posts\/62319\/revisions\/62326"}],"wp:featuredmedia":[{"embeddable":true,"href":"https:\/\/tvtecjundiai.com.br\/news\/wp-json\/wp\/v2\/media\/62322"}],"wp:attachment":[{"href":"https:\/\/tvtecjundiai.com.br\/news\/wp-json\/wp\/v2\/media?parent=62319"}],"wp:term":[{"taxonomy":"category","embeddable":true,"href":"https:\/\/tvtecjundiai.com.br\/news\/wp-json\/wp\/v2\/categories?post=62319"},{"taxonomy":"post_tag","embeddable":true,"href":"https:\/\/tvtecjundiai.com.br\/news\/wp-json\/wp\/v2\/tags?post=62319"}],"curies":[{"name":"wp","href":"https:\/\/api.w.org\/{rel}","templated":true}]}}