{"id":62348,"date":"2020-07-22T15:25:37","date_gmt":"2020-07-22T18:25:37","guid":{"rendered":"https:\/\/tvtecjundiai.com.br\/news\/?p=62348"},"modified":"2020-07-22T15:25:37","modified_gmt":"2020-07-22T18:25:37","slug":"novo-plano-de-acao-orienta-feirantes-no-combate-ao-coronavirus","status":"publish","type":"post","link":"https:\/\/tvtecjundiai.com.br\/news\/2020\/07\/22\/novo-plano-de-acao-orienta-feirantes-no-combate-ao-coronavirus\/","title":{"rendered":"Novo plano de a\u00e7\u00e3o orienta feirantes no combate ao Coronav\u00edrus"},"content":{"rendered":"<div id=\"attachment_62353\" style=\"width: 435px\" class=\"wp-caption alignright\"><a href=\"https:\/\/tvtecjundiai.com.br\/news\/wp-content\/uploads\/sites\/2\/2020\/07\/feira_visa-13-768x512-1.jpg\"><img loading=\"lazy\" decoding=\"async\" aria-describedby=\"caption-attachment-62353\" class=\" wp-image-62353\" src=\"https:\/\/tvtecjundiai.com.br\/news\/wp-content\/uploads\/sites\/2\/2020\/07\/feira_visa-13-768x512-1-300x200.jpg\" alt=\"\" width=\"425\" height=\"283\" srcset=\"https:\/\/tvtecjundiai.com.br\/news\/wp-content\/uploads\/sites\/2\/2020\/07\/feira_visa-13-768x512-1-300x200.jpg 300w, https:\/\/tvtecjundiai.com.br\/news\/wp-content\/uploads\/sites\/2\/2020\/07\/feira_visa-13-768x512-1.jpg 768w\" sizes=\"auto, (max-width: 425px) 100vw, 425px\" \/><\/a><p id=\"caption-attachment-62353\" class=\"wp-caption-text\">Venda de pastel na feira da Ponte S\u00e3o Jo\u00e3o: filas demarcadas e entrega em embalagem para viagem<\/p><\/div>\n<p>Entre as normas presentes no plano de a\u00e7\u00e3o voltado para o setor de alimenta\u00e7\u00e3o nas feiras livres que acaba de ser implantado em Jundia\u00ed, est\u00e3o: servir o caf\u00e9 no copo para\u00a0viagem, usar m\u00e1scara sempre e manter a dist\u00e2ncia na fila do pastel.<\/p>\n<p>A a\u00e7\u00e3o \u00e9 resultante de uma parceria entre\u00a0a Vigil\u00e2ncia Sanit\u00e1ria (Visa) e a Diretoria de Abastecimento da Unidade de Gest\u00e3o de Agroneg\u00f3cio, Abastecimento e Turismo (UGAAT), no qual os pr\u00f3prios feirantes apresentam \u00e0 fiscaliza\u00e7\u00e3o as medidas tomadas para adequar seu trabalho ao manual que o Estado de S\u00e3o Paulo fez para o funcionamento das feiras livres, evitando a dissemina\u00e7\u00e3o do Coronav\u00edrus.<\/p>\n<p>O plano foi estruturado por meio de perguntas e respostas, para facilitar a compreens\u00e3o, e enviado a todos os feirantes do setor de alimentos. Foi estabelecido um prazo para que todos os comerciantes fizessem uma devolutiva, apresentando \u00e0 Visa e \u00e0 UGAAT as adequa\u00e7\u00f5es realizadas. Nesta quarta (22), os fiscais da Visa estiveram na feira da Ponte S\u00e3o Jo\u00e3o verificando essas adequa\u00e7\u00f5es e dando novas orienta\u00e7\u00f5es quando necess\u00e1rio.<\/p>\n<p>A gerente da Visa, Adriana Muller, destaca que os feirantes entenderam a import\u00e2ncia das medidas para assegurar as boas pr\u00e1ticas de higiene, que sempre foram necess\u00e1rias para garantir a seguran\u00e7a do alimento. \u201cNo contexto da Covid-19, essas medidas s\u00e3o fundamentais para evitar a contamina\u00e7\u00e3o. Neste momento, manter o rigor e colaborar com o cumprimento do distanciamento social \u00e9 o que cada cidad\u00e3o pode fazer para contribuir e proteger sua sa\u00fade\u201d.<\/p>\n<p><em>(Fonte\/Foto: Prefeitura de Jundia\u00ed)<\/em><\/p>\n","protected":false},"excerpt":{"rendered":"<p>O plano \u00e9 resultado de uma parceria entre a Vigil\u00e2ncia Sanit\u00e1ria (Visa) e a Diretoria da UGAAT<\/p>\n","protected":false},"author":13,"featured_media":62354,"comment_status":"closed","ping_status":"closed","sticky":false,"template":"","format":"standard","meta":{"footnotes":""},"categories":[2834,1,2839],"tags":[6242,2472,5],"class_list":["post-62348","post","type-post","status-publish","format-standard","has-post-thumbnail","hentry","category-cidades","category-noticias","category-saude","tag-coronavirus","tag-feirantes","tag-jundiai"],"_links":{"self":[{"href":"https:\/\/tvtecjundiai.com.br\/news\/wp-json\/wp\/v2\/posts\/62348","targetHints":{"allow":["GET"]}}],"collection":[{"href":"https:\/\/tvtecjundiai.com.br\/news\/wp-json\/wp\/v2\/posts"}],"about":[{"href":"https:\/\/tvtecjundiai.com.br\/news\/wp-json\/wp\/v2\/types\/post"}],"author":[{"embeddable":true,"href":"https:\/\/tvtecjundiai.com.br\/news\/wp-json\/wp\/v2\/users\/13"}],"replies":[{"embeddable":true,"href":"https:\/\/tvtecjundiai.com.br\/news\/wp-json\/wp\/v2\/comments?post=62348"}],"version-history":[{"count":1,"href":"https:\/\/tvtecjundiai.com.br\/news\/wp-json\/wp\/v2\/posts\/62348\/revisions"}],"predecessor-version":[{"id":62355,"href":"https:\/\/tvtecjundiai.com.br\/news\/wp-json\/wp\/v2\/posts\/62348\/revisions\/62355"}],"wp:featuredmedia":[{"embeddable":true,"href":"https:\/\/tvtecjundiai.com.br\/news\/wp-json\/wp\/v2\/media\/62354"}],"wp:attachment":[{"href":"https:\/\/tvtecjundiai.com.br\/news\/wp-json\/wp\/v2\/media?parent=62348"}],"wp:term":[{"taxonomy":"category","embeddable":true,"href":"https:\/\/tvtecjundiai.com.br\/news\/wp-json\/wp\/v2\/categories?post=62348"},{"taxonomy":"post_tag","embeddable":true,"href":"https:\/\/tvtecjundiai.com.br\/news\/wp-json\/wp\/v2\/tags?post=62348"}],"curies":[{"name":"wp","href":"https:\/\/api.w.org\/{rel}","templated":true}]}}