{"id":62535,"date":"2020-07-23T14:56:24","date_gmt":"2020-07-23T17:56:24","guid":{"rendered":"https:\/\/tvtecjundiai.com.br\/news\/?p=62535"},"modified":"2020-07-23T14:56:24","modified_gmt":"2020-07-23T17:56:24","slug":"conselho-da-pessoa-com-deficiencia-discute-atendimento-na-pandemia","status":"publish","type":"post","link":"https:\/\/tvtecjundiai.com.br\/news\/2020\/07\/23\/conselho-da-pessoa-com-deficiencia-discute-atendimento-na-pandemia\/","title":{"rendered":"Conselho da Pessoa Com Defici\u00eancia discute atendimento na pandemia"},"content":{"rendered":"<p>O Conselho Municipal dos Direitos da Pessoa com Defici\u00eancia (CMDPCD) realizou nesta quinta (23) uma reuni\u00e3o em formato online, com a participa\u00e7\u00e3o do p\u00fablico. Entre os assuntos tratados estiveram os atendimentos \u00e0s pessoas com defici\u00eancia, realizados por v\u00e1rios \u00f3rg\u00e3os e entidades, durante a pandemia.<\/p>\n<div id=\"attachment_62537\" style=\"width: 476px\" class=\"wp-caption alignright\"><a href=\"https:\/\/tvtecjundiai.com.br\/news\/wp-content\/uploads\/sites\/2\/2020\/07\/whatsapp-image-2020-07-23-at-12-26-01-1-768x395-1.jpeg\"><img loading=\"lazy\" decoding=\"async\" aria-describedby=\"caption-attachment-62537\" class=\"wp-image-62537\" src=\"https:\/\/tvtecjundiai.com.br\/news\/wp-content\/uploads\/sites\/2\/2020\/07\/whatsapp-image-2020-07-23-at-12-26-01-1-768x395-1-300x154.jpeg\" alt=\"\" width=\"466\" height=\"239\" srcset=\"https:\/\/tvtecjundiai.com.br\/news\/wp-content\/uploads\/sites\/2\/2020\/07\/whatsapp-image-2020-07-23-at-12-26-01-1-768x395-1-300x154.jpeg 300w, https:\/\/tvtecjundiai.com.br\/news\/wp-content\/uploads\/sites\/2\/2020\/07\/whatsapp-image-2020-07-23-at-12-26-01-1-768x395-1.jpeg 768w\" sizes=\"auto, (max-width: 466px) 100vw, 466px\" \/><\/a><p id=\"caption-attachment-62537\" class=\"wp-caption-text\">Reuni\u00e3o Municipal dos Direitos da Pessoa com Defici\u00eancia foi realizada em formato online<\/p><\/div>\n<p>Participaram da videoconfer\u00eancia representantes do N\u00facleo de Assist\u00eancia \u00e0 Pessoa com Defici\u00eancia (NAPD), Programa de Esportes e Atividades Motoras Adaptadas (PEAMA), diretoria de Apoio a Conselhos e Entidades, unidades de gest\u00e3o de Educa\u00e7\u00e3o e Promo\u00e7\u00e3o da Sa\u00fade e das assessorias de Pol\u00edticas para Pessoas com Defici\u00eancia e de Pol\u00edticas de Direitos Humanos, entre outros. Todos ressaltaram o fato de que os atendimentos n\u00e3o pararam \u2013 apenas foram adaptados para a nova realidade.<\/p>\n<p>No NAPD, por exemplo, todos os profissionais est\u00e3o fazendo teleatendimento; foram mais de 1.400 desde o in\u00edcio da pandemia. J\u00e1 a diretora do Departamento de Educa\u00e7\u00e3o Inclusiva da Unidade de Gest\u00e3o de Educa\u00e7\u00e3o (UGE), Karina Verardo, destacou que a rede municipal conta hoje com cerca de 800 alunos com defici\u00eancia, que s\u00e3o acompanhados de perto pela UGE. \u201cTodos recebem tarefas online ou presencialmente, de forma adaptada, e envolvemos tamb\u00e9m a fam\u00edlia nesse trabalho\u201d, afirmou.<\/p>\n<p>Presidente do CMDPCD, Ivanilde Oliveira de Jesus agradeceu a presen\u00e7a e o empenho de todos os integrantes para manter o atendimento, mesmo em uma situa\u00e7\u00e3o t\u00e3o dif\u00edcil como a vivenciada atualmente. \u201cSou muito grata por fazer parte desse Conselho e essa foi uma oportunidade para compartilhar com a popula\u00e7\u00e3o o que est\u00e1 sendo feito em prol das pessoas com defici\u00eancia\u201d, afirmou.<\/p>\n<p>O CMDPCD foi eleito para o bi\u00eanio 2019\/2021, conforme determina a Lei Municipal 6.059\/2003, e \u00e9 composto por 30 pessoas (entre titulares e suplentes), representando o Poder P\u00fablico, a Sociedade Civil, Movimentos e A\u00e7\u00f5es de PCD e outras entidades.<\/p>\n<p><em>(Fonte\/Foto: Prefeitura de Jundia\u00ed)<\/em><\/p>\n","protected":false},"excerpt":{"rendered":"<p>Reuni\u00e3o aconteceu nesta quinta-feira (23) com a participa\u00e7\u00e3o do p\u00fablico <\/p>\n","protected":false},"author":13,"featured_media":62537,"comment_status":"closed","ping_status":"closed","sticky":false,"template":"","format":"standard","meta":{"footnotes":""},"categories":[2834,1],"tags":[7698,5],"class_list":["post-62535","post","type-post","status-publish","format-standard","has-post-thumbnail","hentry","category-cidades","category-noticias","tag-cmdpcd","tag-jundiai"],"_links":{"self":[{"href":"https:\/\/tvtecjundiai.com.br\/news\/wp-json\/wp\/v2\/posts\/62535","targetHints":{"allow":["GET"]}}],"collection":[{"href":"https:\/\/tvtecjundiai.com.br\/news\/wp-json\/wp\/v2\/posts"}],"about":[{"href":"https:\/\/tvtecjundiai.com.br\/news\/wp-json\/wp\/v2\/types\/post"}],"author":[{"embeddable":true,"href":"https:\/\/tvtecjundiai.com.br\/news\/wp-json\/wp\/v2\/users\/13"}],"replies":[{"embeddable":true,"href":"https:\/\/tvtecjundiai.com.br\/news\/wp-json\/wp\/v2\/comments?post=62535"}],"version-history":[{"count":1,"href":"https:\/\/tvtecjundiai.com.br\/news\/wp-json\/wp\/v2\/posts\/62535\/revisions"}],"predecessor-version":[{"id":62541,"href":"https:\/\/tvtecjundiai.com.br\/news\/wp-json\/wp\/v2\/posts\/62535\/revisions\/62541"}],"wp:featuredmedia":[{"embeddable":true,"href":"https:\/\/tvtecjundiai.com.br\/news\/wp-json\/wp\/v2\/media\/62537"}],"wp:attachment":[{"href":"https:\/\/tvtecjundiai.com.br\/news\/wp-json\/wp\/v2\/media?parent=62535"}],"wp:term":[{"taxonomy":"category","embeddable":true,"href":"https:\/\/tvtecjundiai.com.br\/news\/wp-json\/wp\/v2\/categories?post=62535"},{"taxonomy":"post_tag","embeddable":true,"href":"https:\/\/tvtecjundiai.com.br\/news\/wp-json\/wp\/v2\/tags?post=62535"}],"curies":[{"name":"wp","href":"https:\/\/api.w.org\/{rel}","templated":true}]}}