{"id":62626,"date":"2020-07-24T10:19:04","date_gmt":"2020-07-24T13:19:04","guid":{"rendered":"https:\/\/tvtecjundiai.com.br\/news\/?p=62626"},"modified":"2020-07-24T10:19:04","modified_gmt":"2020-07-24T13:19:04","slug":"irmas-albinas-com-12-anos-de-diferenca-surpreendem-por-beleza","status":"publish","type":"post","link":"https:\/\/tvtecjundiai.com.br\/news\/2020\/07\/24\/irmas-albinas-com-12-anos-de-diferenca-surpreendem-por-beleza\/","title":{"rendered":"Irm\u00e3s albinas com 12 anos de diferen\u00e7a surpreendem por beleza"},"content":{"rendered":"<p>Duas irm\u00e3s albinas chamam aten\u00e7\u00e3o e fazem sucesso como modelos. Assel e Kamila, duas meninas do Cazaquist\u00e3o, desafiaram as probabilidades e nasceram na mesma fam\u00edlia com 12 anos de diferen\u00e7a e ambas t\u00eam albinismo. Dependendo da \u00e1rea geogr\u00e1fica, as chances de algu\u00e9m nascer com albinismo geralmente variam de 1 em 3 mil a 1 em 20 mil. Assel tem 14 anos e sua irm\u00e3 Kamila acaba de completar dois anos.<\/p>\n<div id=\"attachment_62640\" style=\"width: 429px\" class=\"wp-caption alignright\"><a href=\"https:\/\/tvtecjundiai.com.br\/news\/wp-content\/uploads\/sites\/2\/2020\/07\/irmas_albinas-1-696x487-1.jpg\"><img loading=\"lazy\" decoding=\"async\" aria-describedby=\"caption-attachment-62640\" class=\"wp-image-62640\" src=\"https:\/\/tvtecjundiai.com.br\/news\/wp-content\/uploads\/sites\/2\/2020\/07\/irmas_albinas-1-696x487-1-300x210.jpg\" alt=\"\" width=\"419\" height=\"293\" srcset=\"https:\/\/tvtecjundiai.com.br\/news\/wp-content\/uploads\/sites\/2\/2020\/07\/irmas_albinas-1-696x487-1-300x210.jpg 300w, https:\/\/tvtecjundiai.com.br\/news\/wp-content\/uploads\/sites\/2\/2020\/07\/irmas_albinas-1-696x487-1.jpg 696w\" sizes=\"auto, (max-width: 419px) 100vw, 419px\" \/><\/a><p id=\"caption-attachment-62640\" class=\"wp-caption-text\">As duas meninas do Cazaquist\u00e3o fazem sucesso como modelos<\/p><\/div>\n<p>Elas t\u00eam um outro irm\u00e3o de oito anos que n\u00e3o tem a condi\u00e7\u00e3o gen\u00e9tica das duas. \u201cAs pessoas ficam surpresas porque somos albinas, e muitas n\u00e3o sabem o que s\u00e3o albinos&#8221;, disse Assel.\u00a0 Quando Assel nasceu, sua m\u00e3e, Aiman \u200b\u200bSarkitov, tamb\u00e9m ficou surpresa com as caracter\u00edsticas \u00fanicas de sua filha mais velha.<\/p>\n<p>No entanto, ela nunca imaginou que sua pr\u00f3xima filha tamb\u00e9m seria albina. Aos 10 anos, Assel iniciou uma carreira de modelo e agora, ap\u00f3s a chegada de Kamilia, as fotos da fam\u00edlia surpreendem. \u201cOs m\u00e9dicos ficaram surpresos e pensaram que ela era russa. Ent\u00e3o comecei a ler sobre esse assunto, aprendi que minhas filhas s\u00e3o albinas \u201c, disse a m\u00e3e orgulhosa.<\/p>\n<p>Pessoas com albinismo devem evitar danos causados \u200b\u200bpelo sol na pele e nos olhos. As irm\u00e3s sabem disso e vivem com precau\u00e7\u00f5es. \u201cSe eu sair \u00e0 tarde, coloco protetor solar, visto roupas para proteger minha pele, ou uso um guarda-chuva\u201d, explicou Asel. \u201c\u00c0 noite, quando n\u00e3o h\u00e1 sol, \u00e9 muito mais f\u00e1cil para mim.\u201d As fotos das irm\u00e3s est\u00e3o\u00a0<a href=\"https:\/\/www.instagram.com\/assel_kamila\/\">no instagram<\/a>\u00a0de Assel e Kamila.<\/p>\n<p><em>(Fonte: S\u00f3 Not\u00edcia Boa\/Foto: Reprodu\u00e7\u00e3o\/Instagram)<\/em><\/p>\n","protected":false},"excerpt":{"rendered":"<p>As duas meninas do Cazaquist\u00e3o fazem sucesso como modelos<\/p>\n","protected":false},"author":14,"featured_media":62646,"comment_status":"closed","ping_status":"closed","sticky":false,"template":"","format":"standard","meta":{"footnotes":""},"categories":[3084,1,2824],"tags":[7706,3894],"class_list":["post-62626","post","type-post","status-publish","format-standard","has-post-thumbnail","hentry","category-mundo","category-noticias","category-variedades","tag-albinismo","tag-curiosidades"],"_links":{"self":[{"href":"https:\/\/tvtecjundiai.com.br\/news\/wp-json\/wp\/v2\/posts\/62626","targetHints":{"allow":["GET"]}}],"collection":[{"href":"https:\/\/tvtecjundiai.com.br\/news\/wp-json\/wp\/v2\/posts"}],"about":[{"href":"https:\/\/tvtecjundiai.com.br\/news\/wp-json\/wp\/v2\/types\/post"}],"author":[{"embeddable":true,"href":"https:\/\/tvtecjundiai.com.br\/news\/wp-json\/wp\/v2\/users\/14"}],"replies":[{"embeddable":true,"href":"https:\/\/tvtecjundiai.com.br\/news\/wp-json\/wp\/v2\/comments?post=62626"}],"version-history":[{"count":1,"href":"https:\/\/tvtecjundiai.com.br\/news\/wp-json\/wp\/v2\/posts\/62626\/revisions"}],"predecessor-version":[{"id":62649,"href":"https:\/\/tvtecjundiai.com.br\/news\/wp-json\/wp\/v2\/posts\/62626\/revisions\/62649"}],"wp:featuredmedia":[{"embeddable":true,"href":"https:\/\/tvtecjundiai.com.br\/news\/wp-json\/wp\/v2\/media\/62646"}],"wp:attachment":[{"href":"https:\/\/tvtecjundiai.com.br\/news\/wp-json\/wp\/v2\/media?parent=62626"}],"wp:term":[{"taxonomy":"category","embeddable":true,"href":"https:\/\/tvtecjundiai.com.br\/news\/wp-json\/wp\/v2\/categories?post=62626"},{"taxonomy":"post_tag","embeddable":true,"href":"https:\/\/tvtecjundiai.com.br\/news\/wp-json\/wp\/v2\/tags?post=62626"}],"curies":[{"name":"wp","href":"https:\/\/api.w.org\/{rel}","templated":true}]}}