{"id":62726,"date":"2020-07-24T15:14:06","date_gmt":"2020-07-24T18:14:06","guid":{"rendered":"https:\/\/tvtecjundiai.com.br\/news\/?p=62726"},"modified":"2020-07-24T17:02:08","modified_gmt":"2020-07-24T20:02:08","slug":"confira-as-10-livrarias-mais-bonitas-do-brasil","status":"publish","type":"post","link":"https:\/\/tvtecjundiai.com.br\/news\/2020\/07\/24\/confira-as-10-livrarias-mais-bonitas-do-brasil\/","title":{"rendered":"Confira as 10 livrarias mais bonitas do Brasil"},"content":{"rendered":"<p>A recente crise do mercado liter\u00e1rio tradicional levou ao fechamento de mais de 20 mil livrarias brasileiras nos \u00faltimos dez anos. Para os amantes da literatura essa \u00e9 uma triste not\u00edcia, mas ainda h\u00e1 muitos lugares que resistem e mant\u00eam as portas abertas, encantando os visitantes.<\/p>\n<p>A Revista Bula realizou uma enquete com os leitores para saber quais s\u00e3o as livrarias mais bonitas do Brasil e as dez mais votadas foram reunidas em uma lista. Todos os locais possuem arquitetura encantadora e oferecem um bom acervo de livros, al\u00e9m de espa\u00e7os aconchegantes para leitura.<\/p>\n<ul>\n<li><strong>Livraria Cultura:<\/strong> Em 1969, a Livraria Cultura inaugurou sua primeira unidade no Conjunto Nacional, na Avenida Paulista, em S\u00e3o Paulo. Em 2007, a rede ampliou a loja, que hoje \u00e9 a maior livraria do pa\u00eds, com mais 4,5 mil m\u00b2 divididos em espa\u00e7os tem\u00e1ticos. O projeto arquitet\u00f4nico foi desenvolvido por Fernando Brand\u00e3o.<\/li>\n<\/ul>\n<div id=\"attachment_62741\" style=\"width: 310px\" class=\"wp-caption aligncenter\"><a href=\"https:\/\/tvtecjundiai.com.br\/news\/wp-content\/uploads\/sites\/2\/2020\/07\/1-9.jpg\"><img loading=\"lazy\" decoding=\"async\" aria-describedby=\"caption-attachment-62741\" class=\"size-medium wp-image-62741\" src=\"https:\/\/tvtecjundiai.com.br\/news\/wp-content\/uploads\/sites\/2\/2020\/07\/1-9-300x200.jpg\" alt=\"\" width=\"300\" height=\"200\" srcset=\"https:\/\/tvtecjundiai.com.br\/news\/wp-content\/uploads\/sites\/2\/2020\/07\/1-9-300x200.jpg 300w, https:\/\/tvtecjundiai.com.br\/news\/wp-content\/uploads\/sites\/2\/2020\/07\/1-9-768x512.jpg 768w, https:\/\/tvtecjundiai.com.br\/news\/wp-content\/uploads\/sites\/2\/2020\/07\/1-9.jpg 1000w\" sizes=\"auto, (max-width: 300px) 100vw, 300px\" \/><\/a><p id=\"caption-attachment-62741\" class=\"wp-caption-text\">Livraria Cultura<\/p><\/div>\n<ul>\n<li><strong>Blooks (Consola\u00e7\u00e3o, S\u00e3o Paulo):<\/strong> Localizada no Shopping Frei Caneca, a Blooks disp\u00f5e de um espa\u00e7o amplo e agrad\u00e1vel, com mesas compartilhadas que convidam para horas de leitura. O local re\u00fane livros, DVDs, CDs, objetos de design e decora\u00e7\u00e3o, gravuras, joias e toy art. Al\u00e9m disso recebe workshops e eventos culturais, como pequenos shows e espet\u00e1culos.<\/li>\n<\/ul>\n<div id=\"attachment_62744\" style=\"width: 310px\" class=\"wp-caption aligncenter\"><a href=\"https:\/\/tvtecjundiai.com.br\/news\/wp-content\/uploads\/sites\/2\/2020\/07\/2-4.jpg\"><img loading=\"lazy\" decoding=\"async\" aria-describedby=\"caption-attachment-62744\" class=\"wp-image-62744 size-medium\" src=\"https:\/\/tvtecjundiai.com.br\/news\/wp-content\/uploads\/sites\/2\/2020\/07\/2-4-300x199.jpg\" alt=\"\" width=\"300\" height=\"199\" srcset=\"https:\/\/tvtecjundiai.com.br\/news\/wp-content\/uploads\/sites\/2\/2020\/07\/2-4-300x199.jpg 300w, https:\/\/tvtecjundiai.com.br\/news\/wp-content\/uploads\/sites\/2\/2020\/07\/2-4-768x508.jpg 768w, https:\/\/tvtecjundiai.com.br\/news\/wp-content\/uploads\/sites\/2\/2020\/07\/2-4.jpg 1000w\" sizes=\"auto, (max-width: 300px) 100vw, 300px\" \/><\/a><p id=\"caption-attachment-62744\" class=\"wp-caption-text\">Blooks (Consola\u00e7\u00e3o, S\u00e3o Paulo)<\/p><\/div>\n<ul>\n<li>\n<div class=\"shortcode-featured-title\"><strong>Livraria da Vila (Vila Madalena, S\u00e3o Paulo):<\/strong> Localizada na Vila Madalena, a Livraria da Vila foi fundada em 1985 e abriga um grande acervo de livros, CDs e DVDs. Charmosa e acolhedora, a livraria \u00e9 uma das mais famosas de S\u00e3o Paulo e conta ainda com uma cafeteria, \u00f3tima para tomar um caf\u00e9 durante a leitura.<\/div>\n<\/li>\n<\/ul>\n<div id=\"attachment_62745\" style=\"width: 310px\" class=\"wp-caption aligncenter\"><a href=\"https:\/\/tvtecjundiai.com.br\/news\/wp-content\/uploads\/sites\/2\/2020\/07\/3-1.jpg\"><img loading=\"lazy\" decoding=\"async\" aria-describedby=\"caption-attachment-62745\" class=\"size-medium wp-image-62745\" src=\"https:\/\/tvtecjundiai.com.br\/news\/wp-content\/uploads\/sites\/2\/2020\/07\/3-1-300x200.jpg\" alt=\"\" width=\"300\" height=\"200\" srcset=\"https:\/\/tvtecjundiai.com.br\/news\/wp-content\/uploads\/sites\/2\/2020\/07\/3-1-300x200.jpg 300w, https:\/\/tvtecjundiai.com.br\/news\/wp-content\/uploads\/sites\/2\/2020\/07\/3-1-768x511.jpg 768w, https:\/\/tvtecjundiai.com.br\/news\/wp-content\/uploads\/sites\/2\/2020\/07\/3-1.jpg 1000w\" sizes=\"auto, (max-width: 300px) 100vw, 300px\" \/><\/a><p id=\"caption-attachment-62745\" class=\"wp-caption-text\">Livraria da Vila (Vila Madalena, S\u00e3o Paulo)<\/p><\/div>\n<ul>\n<li>\n<div class=\"shortcode-featured-title\"><strong>Livraria das Mar\u00e9s (Centro Hist\u00f3rico, Paraty):<\/strong> Projetada pela arquiteta Bel Lobo, a Livraria das Mar\u00e9s \u00e9 um espa\u00e7o de encontro aconchegante e confort\u00e1vel, como pede a cidade hist\u00f3rica de Paraty. Seu acervo conta com milhares de obras e a confeitaria do local tem o menu assinado pelo chef belga Fr\u00e9deric de Maeyer. A Livraria das Mar\u00e9s \u00e9 uma propriedade da Pousada Liter\u00e1ria, que fica ao lado.<\/div>\n<\/li>\n<\/ul>\n<div id=\"attachment_62748\" style=\"width: 310px\" class=\"wp-caption aligncenter\"><a href=\"https:\/\/tvtecjundiai.com.br\/news\/wp-content\/uploads\/sites\/2\/2020\/07\/4-1.jpg\"><img loading=\"lazy\" decoding=\"async\" aria-describedby=\"caption-attachment-62748\" class=\"size-medium wp-image-62748\" src=\"https:\/\/tvtecjundiai.com.br\/news\/wp-content\/uploads\/sites\/2\/2020\/07\/4-1-300x210.jpg\" alt=\"\" width=\"300\" height=\"210\" srcset=\"https:\/\/tvtecjundiai.com.br\/news\/wp-content\/uploads\/sites\/2\/2020\/07\/4-1-300x210.jpg 300w, https:\/\/tvtecjundiai.com.br\/news\/wp-content\/uploads\/sites\/2\/2020\/07\/4-1-768x538.jpg 768w, https:\/\/tvtecjundiai.com.br\/news\/wp-content\/uploads\/sites\/2\/2020\/07\/4-1.jpg 1000w\" sizes=\"auto, (max-width: 300px) 100vw, 300px\" \/><\/a><p id=\"caption-attachment-62748\" class=\"wp-caption-text\">Livraria das Mar\u00e9s (Centro Hist\u00f3rico, Paraty)<\/p><\/div>\n<ul>\n<li>\n<div class=\"shortcode-featured-title\"><strong>Martins Fontes (Para\u00edso, S\u00e3o Paulo):<\/strong> Com mais de mil metros quadrados e cerca de 120 mil t\u00edtulos, entre nacionais e importados, a Livraria Martins Fontes da Avenida Paulista \u00e9 considerada um verdadeiro para\u00edso para os amantes dos livros. A sobreloja tamb\u00e9m abriga uma cafeteria, que serve caf\u00e9s e lanches a qualquer hora do dia.<\/div>\n<\/li>\n<\/ul>\n<div id=\"attachment_62749\" style=\"width: 310px\" class=\"wp-caption aligncenter\"><a href=\"https:\/\/tvtecjundiai.com.br\/news\/wp-content\/uploads\/sites\/2\/2020\/07\/5.jpg\"><img loading=\"lazy\" decoding=\"async\" aria-describedby=\"caption-attachment-62749\" class=\"wp-image-62749 size-medium\" src=\"https:\/\/tvtecjundiai.com.br\/news\/wp-content\/uploads\/sites\/2\/2020\/07\/5-300x200.jpg\" alt=\"\" width=\"300\" height=\"200\" srcset=\"https:\/\/tvtecjundiai.com.br\/news\/wp-content\/uploads\/sites\/2\/2020\/07\/5-300x200.jpg 300w, https:\/\/tvtecjundiai.com.br\/news\/wp-content\/uploads\/sites\/2\/2020\/07\/5-768x512.jpg 768w, https:\/\/tvtecjundiai.com.br\/news\/wp-content\/uploads\/sites\/2\/2020\/07\/5.jpg 1000w\" sizes=\"auto, (max-width: 300px) 100vw, 300px\" \/><\/a><p id=\"caption-attachment-62749\" class=\"wp-caption-text\">Martins Fontes (Para\u00edso, S\u00e3o Paulo)<\/p><\/div>\n<ul>\n<li>\n<div class=\"shortcode-featured-title\"><strong>Miragem (S\u00e3o Francisco de Paula, Rio Grande do Sul):<\/strong> Com um acervo de mais de 20 mil obras, a Livraria Miragem \u00e9 considerada um tesouro escondido na Serra Ga\u00facha. Um casar\u00e3o de madeira de tr\u00eas andares abriga a loja, com oito ambientes diferentes, incluindo um sal\u00e3o de eventos, a se\u00e7\u00e3o infantil, o espa\u00e7o adulto, um sebo e uma cafeteria que oferece quitutes e lanches naturais.<\/div>\n<\/li>\n<\/ul>\n<div id=\"attachment_62751\" style=\"width: 310px\" class=\"wp-caption aligncenter\"><a href=\"https:\/\/tvtecjundiai.com.br\/news\/wp-content\/uploads\/sites\/2\/2020\/07\/6.jpg\"><img loading=\"lazy\" decoding=\"async\" aria-describedby=\"caption-attachment-62751\" class=\"size-medium wp-image-62751\" src=\"https:\/\/tvtecjundiai.com.br\/news\/wp-content\/uploads\/sites\/2\/2020\/07\/6-300x225.jpg\" alt=\"\" width=\"300\" height=\"225\" srcset=\"https:\/\/tvtecjundiai.com.br\/news\/wp-content\/uploads\/sites\/2\/2020\/07\/6-300x225.jpg 300w, https:\/\/tvtecjundiai.com.br\/news\/wp-content\/uploads\/sites\/2\/2020\/07\/6-768x576.jpg 768w, https:\/\/tvtecjundiai.com.br\/news\/wp-content\/uploads\/sites\/2\/2020\/07\/6.jpg 1000w\" sizes=\"auto, (max-width: 300px) 100vw, 300px\" \/><\/a><p id=\"caption-attachment-62751\" class=\"wp-caption-text\">Miragem (S\u00e3o Francisco de Paula, RS)<\/p><\/div>\n<ul>\n<li>\n<div class=\"shortcode-featured-title\"><strong>Palavrear (Universit\u00e1rio, Goi\u00e2nia):<\/strong> Inaugurada em 2017, a Livraria Palavrear foi projetada pela arquiteta e propriet\u00e1ria Hello\u00e1 Fernandes, que se preocupou em preservar os tra\u00e7os originais do im\u00f3vel, um casar\u00e3o da d\u00e9cada de 1970. O local \u00e9 considerado um dos mais charmosos de Goi\u00e2nia e abriga tamb\u00e9m uma cafeteria e uma editora.<\/div>\n<\/li>\n<\/ul>\n<div id=\"attachment_62753\" style=\"width: 310px\" class=\"wp-caption aligncenter\"><a href=\"https:\/\/tvtecjundiai.com.br\/news\/wp-content\/uploads\/sites\/2\/2020\/07\/7.jpg\"><img loading=\"lazy\" decoding=\"async\" aria-describedby=\"caption-attachment-62753\" class=\"size-medium wp-image-62753\" src=\"https:\/\/tvtecjundiai.com.br\/news\/wp-content\/uploads\/sites\/2\/2020\/07\/7-300x225.jpg\" alt=\"\" width=\"300\" height=\"225\" srcset=\"https:\/\/tvtecjundiai.com.br\/news\/wp-content\/uploads\/sites\/2\/2020\/07\/7-300x225.jpg 300w, https:\/\/tvtecjundiai.com.br\/news\/wp-content\/uploads\/sites\/2\/2020\/07\/7-768x576.jpg 768w, https:\/\/tvtecjundiai.com.br\/news\/wp-content\/uploads\/sites\/2\/2020\/07\/7.jpg 1000w\" sizes=\"auto, (max-width: 300px) 100vw, 300px\" \/><\/a><p id=\"caption-attachment-62753\" class=\"wp-caption-text\">Palavrear (Universit\u00e1rio, Goi\u00e2nia)<\/p><\/div>\n<ul>\n<li>\n<div class=\"shortcode-featured-title\"><strong>Zaccara (Perdizes, S\u00e3o Paulo):<\/strong> A Livraria Zaccara, fundada em 1982, \u00e9 um ref\u00fagio acolhedor em S\u00e3o Paulo. O local possui um belo jardim, onde \u00e9 poss\u00edvel passar horas folheando livros. Al\u00e9m disso, a livraria tamb\u00e9m organiza saraus, debates, lan\u00e7amentos, clubes de leituras e workshops, entre outros. No caf\u00e9, os bolos caseiros s\u00e3o uma \u00f3tima pedida.<\/div>\n<\/li>\n<\/ul>\n<div id=\"attachment_62755\" style=\"width: 310px\" class=\"wp-caption aligncenter\"><a href=\"https:\/\/tvtecjundiai.com.br\/news\/wp-content\/uploads\/sites\/2\/2020\/07\/8.jpg\"><img loading=\"lazy\" decoding=\"async\" aria-describedby=\"caption-attachment-62755\" class=\"size-medium wp-image-62755\" src=\"https:\/\/tvtecjundiai.com.br\/news\/wp-content\/uploads\/sites\/2\/2020\/07\/8-300x210.jpg\" alt=\"\" width=\"300\" height=\"210\" srcset=\"https:\/\/tvtecjundiai.com.br\/news\/wp-content\/uploads\/sites\/2\/2020\/07\/8-300x210.jpg 300w, https:\/\/tvtecjundiai.com.br\/news\/wp-content\/uploads\/sites\/2\/2020\/07\/8-768x538.jpg 768w, https:\/\/tvtecjundiai.com.br\/news\/wp-content\/uploads\/sites\/2\/2020\/07\/8.jpg 1000w\" sizes=\"auto, (max-width: 300px) 100vw, 300px\" \/><\/a><p id=\"caption-attachment-62755\" class=\"wp-caption-text\">Zaccara (Perdizes, S\u00e3o Paulo)<\/p><\/div>\n<ul>\n<li>\n<div class=\"shortcode-featured-title\"><strong>NoveSete (Vila Mariana, S\u00e3o Paulo):<\/strong> A livraria NoveSete, na Vila Mariana, chama a aten\u00e7\u00e3o pelo acervo dedicado \u00e0 literatura infantil. S\u00e3o milhares de t\u00edtulos organizados por faixa et\u00e1ria e ordem alfab\u00e9tica. Um caf\u00e9 no fundo da loja deixa a visita ainda mais agrad\u00e1vel e oferece bebidas quentes, sucos, bolos e salgados.<\/div>\n<\/li>\n<\/ul>\n<div id=\"attachment_62756\" style=\"width: 310px\" class=\"wp-caption aligncenter\"><a href=\"https:\/\/tvtecjundiai.com.br\/news\/wp-content\/uploads\/sites\/2\/2020\/07\/9.jpg\"><img loading=\"lazy\" decoding=\"async\" aria-describedby=\"caption-attachment-62756\" class=\"size-medium wp-image-62756\" src=\"https:\/\/tvtecjundiai.com.br\/news\/wp-content\/uploads\/sites\/2\/2020\/07\/9-300x200.jpg\" alt=\"\" width=\"300\" height=\"200\" srcset=\"https:\/\/tvtecjundiai.com.br\/news\/wp-content\/uploads\/sites\/2\/2020\/07\/9-300x200.jpg 300w, https:\/\/tvtecjundiai.com.br\/news\/wp-content\/uploads\/sites\/2\/2020\/07\/9-768x512.jpg 768w, https:\/\/tvtecjundiai.com.br\/news\/wp-content\/uploads\/sites\/2\/2020\/07\/9.jpg 1000w\" sizes=\"auto, (max-width: 300px) 100vw, 300px\" \/><\/a><p id=\"caption-attachment-62756\" class=\"wp-caption-text\">NoveSete (Vila Mariana, S\u00e3o Paulo)<\/p><\/div>\n<ul>\n<li class=\"shortcode-featured-title\"><strong>Casa de Livros (Ch\u00e1cara Santo Ant\u00f4nio, S\u00e3o Paulo):<\/strong> Especializada em literatura infanto-juvenil, a Casa de Livros possui um ambiente totalmente l\u00fadico, com prateleiras recheadas de livros coloridos. As paredes s\u00e3o estampadas por mensagens e desenhos deixados por escritores e ilustradores. Durante os fins de semana, o local realiza atividades culturais, como encontros de autores e conta\u00e7\u00e3o de hist\u00f3rias.\n<div class=\"entry-content-ads last\">\n<div class=\"ad-slot ad-slot-adsense\">\n<div id=\"attachment_62757\" style=\"width: 310px\" class=\"wp-caption aligncenter\"><a href=\"https:\/\/tvtecjundiai.com.br\/news\/wp-content\/uploads\/sites\/2\/2020\/07\/10.jpg\"><img loading=\"lazy\" decoding=\"async\" aria-describedby=\"caption-attachment-62757\" class=\"wp-image-62757 size-medium\" src=\"https:\/\/tvtecjundiai.com.br\/news\/wp-content\/uploads\/sites\/2\/2020\/07\/10-300x195.jpg\" alt=\"\" width=\"300\" height=\"195\" srcset=\"https:\/\/tvtecjundiai.com.br\/news\/wp-content\/uploads\/sites\/2\/2020\/07\/10-300x195.jpg 300w, https:\/\/tvtecjundiai.com.br\/news\/wp-content\/uploads\/sites\/2\/2020\/07\/10-768x499.jpg 768w, https:\/\/tvtecjundiai.com.br\/news\/wp-content\/uploads\/sites\/2\/2020\/07\/10.jpg 1000w\" sizes=\"auto, (max-width: 300px) 100vw, 300px\" \/><\/a><p id=\"caption-attachment-62757\" class=\"wp-caption-text\">Casa de Livros (Ch\u00e1cara Santo Ant\u00f4nio, S\u00e3o Paulo)<\/p><\/div>\n<p><em>(Fonte: Revista Bula\/Foto: Reprodu\u00e7\u00e3o)<\/em><\/p>\n<\/div>\n<\/div>\n<\/li>\n<\/ul>\n<div class=\"wp-block-bula-gutenberg-listas shortcode-featured\">\n<div class=\"shortcode-featured-content\"><\/div>\n<\/div>\n","protected":false},"excerpt":{"rendered":"<p>Todos os locais possuem arquitetura encantadora e oferecem um bom acervo de livros <\/p>\n","protected":false},"author":13,"featured_media":62749,"comment_status":"closed","ping_status":"closed","sticky":false,"template":"","format":"standard","meta":{"footnotes":""},"categories":[2833,2828,1],"tags":[1903,7713,7714],"class_list":["post-62726","post","type-post","status-publish","format-standard","has-post-thumbnail","hentry","category-cultura","category-educacao","category-noticias","tag-brasil","tag-livrarias","tag-top-10"],"_links":{"self":[{"href":"https:\/\/tvtecjundiai.com.br\/news\/wp-json\/wp\/v2\/posts\/62726","targetHints":{"allow":["GET"]}}],"collection":[{"href":"https:\/\/tvtecjundiai.com.br\/news\/wp-json\/wp\/v2\/posts"}],"about":[{"href":"https:\/\/tvtecjundiai.com.br\/news\/wp-json\/wp\/v2\/types\/post"}],"author":[{"embeddable":true,"href":"https:\/\/tvtecjundiai.com.br\/news\/wp-json\/wp\/v2\/users\/13"}],"replies":[{"embeddable":true,"href":"https:\/\/tvtecjundiai.com.br\/news\/wp-json\/wp\/v2\/comments?post=62726"}],"version-history":[{"count":4,"href":"https:\/\/tvtecjundiai.com.br\/news\/wp-json\/wp\/v2\/posts\/62726\/revisions"}],"predecessor-version":[{"id":62805,"href":"https:\/\/tvtecjundiai.com.br\/news\/wp-json\/wp\/v2\/posts\/62726\/revisions\/62805"}],"wp:featuredmedia":[{"embeddable":true,"href":"https:\/\/tvtecjundiai.com.br\/news\/wp-json\/wp\/v2\/media\/62749"}],"wp:attachment":[{"href":"https:\/\/tvtecjundiai.com.br\/news\/wp-json\/wp\/v2\/media?parent=62726"}],"wp:term":[{"taxonomy":"category","embeddable":true,"href":"https:\/\/tvtecjundiai.com.br\/news\/wp-json\/wp\/v2\/categories?post=62726"},{"taxonomy":"post_tag","embeddable":true,"href":"https:\/\/tvtecjundiai.com.br\/news\/wp-json\/wp\/v2\/tags?post=62726"}],"curies":[{"name":"wp","href":"https:\/\/api.w.org\/{rel}","templated":true}]}}