{"id":62873,"date":"2020-07-27T08:35:36","date_gmt":"2020-07-27T11:35:36","guid":{"rendered":"https:\/\/tvtecjundiai.com.br\/news\/?p=62873"},"modified":"2020-07-28T10:33:08","modified_gmt":"2020-07-28T13:33:08","slug":"mes-do-patrimonio-discute-a-preservacao-e-a-memoria-de-jundiai","status":"publish","type":"post","link":"https:\/\/tvtecjundiai.com.br\/news\/2020\/07\/27\/mes-do-patrimonio-discute-a-preservacao-e-a-memoria-de-jundiai\/","title":{"rendered":"M\u00eas do patrim\u00f4nio discute a preserva\u00e7\u00e3o e a mem\u00f3ria de Jundia\u00ed"},"content":{"rendered":"<p>Com programa\u00e7\u00e3o inteiramente online e gratuita, o Departamento de Patrim\u00f4nio Hist\u00f3rico (DPH) da Unidade de Gest\u00e3o de Cultura realiza, entre os dias 01 e 31 de agosto, o M\u00eas do Patrim\u00f4nio Hist\u00f3rico e Cultural 2020. Est\u00e3o programadas palestras, simp\u00f3sios, debates e oficinas, com conte\u00fados diversificados e transmiss\u00e3o pelas redes sociais da\u00a0<a href=\"https:\/\/www.facebook.com\/culturajundiai\" target=\"_blank\" rel=\"noopener noreferrer\">Cultura<\/a>, do\u00a0<a href=\"https:\/\/www.facebook.com\/patrimoniohistoricoculturaljundiai\/\" target=\"_blank\" rel=\"noopener noreferrer\">DPH<\/a> e do\u00a0<a href=\"https:\/\/www.facebook.com\/TeatroPolytheama\/\" target=\"_blank\" rel=\"noopener noreferrer\">Teatro Polytheama<\/a>.<\/p>\n<div id=\"attachment_62874\" style=\"width: 430px\" class=\"wp-caption alignright\"><a href=\"https:\/\/tvtecjundiai.com.br\/news\/wp-content\/uploads\/sites\/2\/2020\/07\/2-5.jpg\"><img loading=\"lazy\" decoding=\"async\" aria-describedby=\"caption-attachment-62874\" class=\"wp-image-62874\" src=\"https:\/\/tvtecjundiai.com.br\/news\/wp-content\/uploads\/sites\/2\/2020\/07\/2-5-300x200.jpg\" alt=\"\" width=\"420\" height=\"280\" srcset=\"https:\/\/tvtecjundiai.com.br\/news\/wp-content\/uploads\/sites\/2\/2020\/07\/2-5-300x200.jpg 300w, https:\/\/tvtecjundiai.com.br\/news\/wp-content\/uploads\/sites\/2\/2020\/07\/2-5-1200x800.jpg 1200w, https:\/\/tvtecjundiai.com.br\/news\/wp-content\/uploads\/sites\/2\/2020\/07\/2-5-768x512.jpg 768w, https:\/\/tvtecjundiai.com.br\/news\/wp-content\/uploads\/sites\/2\/2020\/07\/2-5.jpg 1280w\" sizes=\"auto, (max-width: 420px) 100vw, 420px\" \/><\/a><p id=\"caption-attachment-62874\" class=\"wp-caption-text\">Est\u00e3o programadas palestras, simp\u00f3sios, debates e oficinas, com conte\u00fados diversificados, todos transmitidos pelas redes sociais<\/p><\/div>\n<p>A abertura, marcada para o s\u00e1bado (01), a partir das 19 horas, contar\u00e1 com as apresenta\u00e7\u00f5es dos trabalhos realizados pelo DPH no munic\u00edpio. Nesta noite, a Orquestra Municipal de Jundia\u00ed (OMJ) far\u00e1 um concerto especial, gravado por alguns de seus m\u00fasicos no Teatro Polytheama, trazendo, numa surpresa aos jundiaienses, elementos marcantes da cidade.<\/p>\n<p>A maior parte da programa\u00e7\u00e3o \u00e9 voltada para o p\u00fablico em geral e ser\u00e1 transmitida simultaneamente pelas redes sociais. J\u00e1 para as oficinas ou palestras tem\u00e1ticas, \u00e9 necess\u00e1ria a realiza\u00e7\u00e3o de inscri\u00e7\u00e3o e ser\u00e3o contemplados os 20 primeiros inscritos.<\/p>\n<p><a href=\"https:\/\/cultura.jundiai.sp.gov.br\/mesdopatrimonio\/\" target=\"_blank\" rel=\"noopener noreferrer\">CONFIRA A PROGRAMA\u00c7\u00c3O COMPLETA NO HOTSITE DO EVENTO<\/a><\/p>\n<p>Sucesso na programa\u00e7\u00e3o do ano passado, o Col\u00f3quio \u201cSimp\u00f3sio do Samba\u201d ter\u00e1 a sua segunda realiza\u00e7\u00e3o, marcada para o dia 19 de agosto, quarta-feira, \u00e0s 19 horas. Com o tema \u201cA import\u00e2ncia do reconhecimento das manifesta\u00e7\u00f5es art\u00edsticas e culturais em tempos de polariza\u00e7\u00e3o pol\u00edtica\u201d, o col\u00f3quio este ano contar\u00e1 com as participa\u00e7\u00f5es do ator e comentarista de Carnaval A\u00edlton Gra\u00e7a e do presidente da escola de Samba carioca Portela, Luis Carlos Magalh\u00e3es. O encontro contar\u00e1 ainda com a participa\u00e7\u00e3o de Kaxitu Ricardo Campos, presidente da Federa\u00e7\u00e3o Nacional das Escolas de Samba.<\/p>\n<p><em>(Fonte\/Foto: Prefeitura de Jundia\u00ed)<\/em><\/p>\n","protected":false},"excerpt":{"rendered":"<p>Programa\u00e7\u00e3o \u00e9 inteiramente online e gratuita <\/p>\n","protected":false},"author":13,"featured_media":15796,"comment_status":"closed","ping_status":"closed","sticky":false,"template":"","format":"standard","meta":{"footnotes":""},"categories":[2834,2833,1],"tags":[5,7319],"class_list":["post-62873","post","type-post","status-publish","format-standard","has-post-thumbnail","hentry","category-cidades","category-cultura","category-noticias","tag-jundiai","tag-mes-do-patrimonio-2020"],"_links":{"self":[{"href":"https:\/\/tvtecjundiai.com.br\/news\/wp-json\/wp\/v2\/posts\/62873","targetHints":{"allow":["GET"]}}],"collection":[{"href":"https:\/\/tvtecjundiai.com.br\/news\/wp-json\/wp\/v2\/posts"}],"about":[{"href":"https:\/\/tvtecjundiai.com.br\/news\/wp-json\/wp\/v2\/types\/post"}],"author":[{"embeddable":true,"href":"https:\/\/tvtecjundiai.com.br\/news\/wp-json\/wp\/v2\/users\/13"}],"replies":[{"embeddable":true,"href":"https:\/\/tvtecjundiai.com.br\/news\/wp-json\/wp\/v2\/comments?post=62873"}],"version-history":[{"count":3,"href":"https:\/\/tvtecjundiai.com.br\/news\/wp-json\/wp\/v2\/posts\/62873\/revisions"}],"predecessor-version":[{"id":63092,"href":"https:\/\/tvtecjundiai.com.br\/news\/wp-json\/wp\/v2\/posts\/62873\/revisions\/63092"}],"wp:featuredmedia":[{"embeddable":true,"href":"https:\/\/tvtecjundiai.com.br\/news\/wp-json\/wp\/v2\/media\/15796"}],"wp:attachment":[{"href":"https:\/\/tvtecjundiai.com.br\/news\/wp-json\/wp\/v2\/media?parent=62873"}],"wp:term":[{"taxonomy":"category","embeddable":true,"href":"https:\/\/tvtecjundiai.com.br\/news\/wp-json\/wp\/v2\/categories?post=62873"},{"taxonomy":"post_tag","embeddable":true,"href":"https:\/\/tvtecjundiai.com.br\/news\/wp-json\/wp\/v2\/tags?post=62873"}],"curies":[{"name":"wp","href":"https:\/\/api.w.org\/{rel}","templated":true}]}}