{"id":62940,"date":"2020-07-27T14:32:13","date_gmt":"2020-07-27T17:32:13","guid":{"rendered":"https:\/\/tvtecjundiai.com.br\/news\/?p=62940"},"modified":"2020-07-27T15:01:33","modified_gmt":"2020-07-27T18:01:33","slug":"confira-7-filmes-que-foram-adiados-por-conta-da-pandemia-da-covid-19","status":"publish","type":"post","link":"https:\/\/tvtecjundiai.com.br\/news\/2020\/07\/27\/confira-7-filmes-que-foram-adiados-por-conta-da-pandemia-da-covid-19\/","title":{"rendered":"Confira 7 filmes que foram adiados por conta da pandemia da Covid-19"},"content":{"rendered":"<div id=\"attachment_62941\" style=\"width: 458px\" class=\"wp-caption alignright\"><a href=\"https:\/\/tvtecjundiai.com.br\/news\/wp-content\/uploads\/sites\/2\/2020\/07\/Design-sem-nome-3-3.png\"><img loading=\"lazy\" decoding=\"async\" aria-describedby=\"caption-attachment-62941\" class=\"wp-image-62941\" src=\"https:\/\/tvtecjundiai.com.br\/news\/wp-content\/uploads\/sites\/2\/2020\/07\/Design-sem-nome-3-3-300x169.png\" alt=\"\" width=\"448\" height=\"252\" srcset=\"https:\/\/tvtecjundiai.com.br\/news\/wp-content\/uploads\/sites\/2\/2020\/07\/Design-sem-nome-3-3-300x169.png 300w, https:\/\/tvtecjundiai.com.br\/news\/wp-content\/uploads\/sites\/2\/2020\/07\/Design-sem-nome-3-3-1200x675.png 1200w, https:\/\/tvtecjundiai.com.br\/news\/wp-content\/uploads\/sites\/2\/2020\/07\/Design-sem-nome-3-3-768x432.png 768w, https:\/\/tvtecjundiai.com.br\/news\/wp-content\/uploads\/sites\/2\/2020\/07\/Design-sem-nome-3-3.png 1280w\" sizes=\"auto, (max-width: 448px) 100vw, 448px\" \/><\/a><p id=\"caption-attachment-62941\" class=\"wp-caption-text\">O cronograma mundial de lan\u00e7amento de filmes sofreu diversas altera\u00e7\u00f5es<\/p><\/div>\n<p>Com a paralisa\u00e7\u00e3o das produ\u00e7\u00f5es e fechamento das salas de cinema durante a pandemia do Coronav\u00edrus, o cronograma mundial de lan\u00e7amento de filmes sofreu diversas altera\u00e7\u00f5es. Agora, grande est\u00fadios come\u00e7am a anunciar novas previs\u00f5es de estreias &#8211; entre eles a Disney, que confirmou o adiamento indefinido de <em>Mulan<\/em>.<\/p>\n<p class=\"btgad\">Uma das grandes apostas para 2020, o live-action da Disney chegaria aos cinemas em agosto, mas, segundo o\u00a0Deadline, a empresa j\u00e1 decidiu adiar a estreia, que ainda n\u00e3o tem data confirmada.<\/p>\n<p class=\"btgad\">\u201cMulan\u201d n\u00e3o foi o \u00fanico: outros seis filmes (e suas continua\u00e7\u00f5es) j\u00e1 tiveram adiamento confirmado pelos est\u00fadios. Veja lista completa:<\/p>\n<ul>\n<li><strong>Avatar<\/strong><\/li>\n<\/ul>\n<p>Com 5 sequ\u00eancias j\u00e1 confirmadas, a franquia milion\u00e1ria da Disney sofrer\u00e1 um atraso de um ano para cada lan\u00e7amento, que originalmente come\u00e7ariam em dezembro de 2021. Assim, <em>Avatar 2<\/em> chega aos cinemas s\u00f3 em dezembro de 2022, <em>Avatar 3<\/em> em dezembro de 2024, <em>Avatar 4<\/em> em dezembro de 2026 e <em>Avatar 5 <\/em>em 2028.<\/p>\n<ul>\n<li><strong>Star Wars<\/strong><\/li>\n<\/ul>\n<p>Ap\u00f3s o fim da trilogia iniciada em 2017 com <em>O Despertar da For\u00e7a<\/em>, <em>Star Wars<\/em> j\u00e1 tem outros tr\u00eas novos filmes confirmados, que ser\u00e3o dirigidos pelo vencedor do Oscar Taika Waititi (&#8220;Jojo Rabbit&#8221;). Com o adiamento, as estreias ficaram marcadas para dezembro de 2023, 2024 e 2025.<\/p>\n<ul>\n<li><strong>Um Lugar Silencioso 2<\/strong><\/li>\n<\/ul>\n<p>Com estreia prevista originalmente para setembro deste ano, o sequ\u00eancia de <em>Um Lugar Silencioso<\/em> tamb\u00e9m j\u00e1 tem uma nova data: o thriller estrelado por John Krasinski e Emily Blunt chega aos cinemas em 21 de abril de 2021.<\/p>\n<ul>\n<li><strong>Top Gun: Maverick<\/strong><\/li>\n<\/ul>\n<p>A continua\u00e7\u00e3o do cl\u00e1ssico estrelado por Tom Cruise tamb\u00e9m foi adiada por mais de seis meses. O filme estrearia em dezembro de 2020, mas ainda de acordo com o Deadline, a Sony decidiu jogar a estreia para julho de 2021.<\/p>\n<ul>\n<li><strong>Vi\u00fava Negra<\/strong><\/li>\n<\/ul>\n<p>O filme-solo da hero\u00edna de Scarlett Johansson foi um dos poucos adiamentos que ainda ficaram para 2020. O filme <em>Vi\u00fava Negra<\/em> chega aos cinemas em 6 de novembro de 2020.<\/p>\n<ul>\n<li><strong>Os Novos Mutantes<\/strong><\/li>\n<\/ul>\n<p>Por fim, o \u00faltimo filme do <em>X-Men<\/em> que ser\u00e1 lan\u00e7ado pela Fox tamb\u00e9m ganhou nova data. Depois de ser remarcado cinco vezes, <em>Os Novos Mutantes<\/em> chega aos cinemas em 28 de agosto de 2020. A informa\u00e7\u00e3o foi confirmada pelo elenco em live realizada durante a Comic Con.<\/p>\n<p><em>(Fonte: Vix\/Foto: Reprodu\u00e7\u00e3o)<\/em><\/p>\n","protected":false},"excerpt":{"rendered":"<p>O cronograma mundial de lan\u00e7amento de filmes sofreu diversas altera\u00e7\u00f5es<\/p>\n","protected":false},"author":14,"featured_media":62944,"comment_status":"closed","ping_status":"closed","sticky":false,"template":"","format":"standard","meta":{"footnotes":""},"categories":[1],"tags":[360,6512,2422,7556,6511],"class_list":["post-62940","post","type-post","status-publish","format-standard","has-post-thumbnail","hentry","category-noticias","tag-cinema","tag-covid-19","tag-filmes","tag-lancamentos","tag-pandemia"],"_links":{"self":[{"href":"https:\/\/tvtecjundiai.com.br\/news\/wp-json\/wp\/v2\/posts\/62940","targetHints":{"allow":["GET"]}}],"collection":[{"href":"https:\/\/tvtecjundiai.com.br\/news\/wp-json\/wp\/v2\/posts"}],"about":[{"href":"https:\/\/tvtecjundiai.com.br\/news\/wp-json\/wp\/v2\/types\/post"}],"author":[{"embeddable":true,"href":"https:\/\/tvtecjundiai.com.br\/news\/wp-json\/wp\/v2\/users\/14"}],"replies":[{"embeddable":true,"href":"https:\/\/tvtecjundiai.com.br\/news\/wp-json\/wp\/v2\/comments?post=62940"}],"version-history":[{"count":5,"href":"https:\/\/tvtecjundiai.com.br\/news\/wp-json\/wp\/v2\/posts\/62940\/revisions"}],"predecessor-version":[{"id":62968,"href":"https:\/\/tvtecjundiai.com.br\/news\/wp-json\/wp\/v2\/posts\/62940\/revisions\/62968"}],"wp:featuredmedia":[{"embeddable":true,"href":"https:\/\/tvtecjundiai.com.br\/news\/wp-json\/wp\/v2\/media\/62944"}],"wp:attachment":[{"href":"https:\/\/tvtecjundiai.com.br\/news\/wp-json\/wp\/v2\/media?parent=62940"}],"wp:term":[{"taxonomy":"category","embeddable":true,"href":"https:\/\/tvtecjundiai.com.br\/news\/wp-json\/wp\/v2\/categories?post=62940"},{"taxonomy":"post_tag","embeddable":true,"href":"https:\/\/tvtecjundiai.com.br\/news\/wp-json\/wp\/v2\/tags?post=62940"}],"curies":[{"name":"wp","href":"https:\/\/api.w.org\/{rel}","templated":true}]}}