{"id":62974,"date":"2020-07-27T15:19:31","date_gmt":"2020-07-27T18:19:31","guid":{"rendered":"https:\/\/tvtecjundiai.com.br\/news\/?p=62974"},"modified":"2020-07-27T15:19:31","modified_gmt":"2020-07-27T18:19:31","slug":"noruegues-bate-recorde-mundial-cantando-elvis-por-50-horas","status":"publish","type":"post","link":"https:\/\/tvtecjundiai.com.br\/news\/2020\/07\/27\/noruegues-bate-recorde-mundial-cantando-elvis-por-50-horas\/","title":{"rendered":"Noruegu\u00eas bate recorde mundial cantando Elvis por 50 horas"},"content":{"rendered":"<div class=\"mc-column content-text active-extra-styles \" data-block-type=\"unstyled\" data-block-weight=\"38\" data-block-id=\"2\">\n<p class=\"content-text__container \" data-track-category=\"Link no Texto\" data-track-links=\"\">Kjell Henning Bjornestad, um imitador noruegu\u00eas de Elvis Presley, quebrou um recorde mundial na manh\u00e3 do s\u00e1bado (25), em Oslo, cantando m\u00fasicas do rei por mais de 50 horas em uma maratona musical transmitida ao vivo pela Internet.<\/p>\n<div id=\"attachment_62975\" style=\"width: 448px\" class=\"wp-caption alignright\"><a href=\"https:\/\/tvtecjundiai.com.br\/news\/wp-content\/uploads\/sites\/2\/2020\/07\/2020-07-23t122725z-1001180564-rc20zh9181wb-rtrmadp-3-norway-entertainment.jpg\"><img loading=\"lazy\" decoding=\"async\" aria-describedby=\"caption-attachment-62975\" class=\" wp-image-62975\" src=\"https:\/\/tvtecjundiai.com.br\/news\/wp-content\/uploads\/sites\/2\/2020\/07\/2020-07-23t122725z-1001180564-rc20zh9181wb-rtrmadp-3-norway-entertainment-300x200.jpg\" alt=\"\" width=\"438\" height=\"292\" srcset=\"https:\/\/tvtecjundiai.com.br\/news\/wp-content\/uploads\/sites\/2\/2020\/07\/2020-07-23t122725z-1001180564-rc20zh9181wb-rtrmadp-3-norway-entertainment-300x200.jpg 300w, https:\/\/tvtecjundiai.com.br\/news\/wp-content\/uploads\/sites\/2\/2020\/07\/2020-07-23t122725z-1001180564-rc20zh9181wb-rtrmadp-3-norway-entertainment-768x512.jpg 768w, https:\/\/tvtecjundiai.com.br\/news\/wp-content\/uploads\/sites\/2\/2020\/07\/2020-07-23t122725z-1001180564-rc20zh9181wb-rtrmadp-3-norway-entertainment.jpg 1000w\" sizes=\"auto, (max-width: 438px) 100vw, 438px\" \/><\/a><p id=\"caption-attachment-62975\" class=\"wp-caption-text\">Kjell Henning Bjornestad durante performance em Oslo, capital da Noruega<\/p><\/div>\n<\/div>\n<div class=\"wall protected-content\">\n<div class=\"mc-column content-text active-extra-styles \" data-block-type=\"unstyled\" data-block-weight=\"41\" data-block-id=\"3\">\n<p class=\"content-text__container \" data-track-category=\"Link no Texto\" data-track-links=\"\">Em 50 horas, 50 minutos e 50 segundos, &#8220;Kjell Elvis&#8221;, nome art\u00edstico de Kjell Henning Bjornestad, pulverizou em mais de sete horas o recorde anterior aprovado pelo Guinness World Records. Por 16 anos, esse recorde pertenceu ao alem\u00e3o Thomas &#8220;Curtis&#8221; G\u00e4thje.<\/p>\n<\/div>\n<div class=\"mc-column content-text active-extra-styles \" data-block-type=\"unstyled\" data-block-weight=\"27\" data-block-id=\"4\">\n<p class=\"content-text__container \" data-track-category=\"Link no Texto\" data-track-links=\"\">&#8220;Nunca mais farei isso de novo&#8221;, declarou o &#8220;cover&#8221; do astro americano \u00e0 televis\u00e3o norueguesa NRK, ap\u00f3s sua apresenta\u00e7\u00e3o, por volta das 10h50 locais (5h50 em Bras\u00edlia).<\/p>\n<\/div>\n<div class=\"mc-column content-text active-extra-styles \" data-block-type=\"unstyled\" data-block-weight=\"22\" data-block-id=\"5\">\n<p class=\"content-text__container \" data-track-category=\"Link no Texto\" data-track-links=\"\">Ele come\u00e7ou a cantar na quinta-feira de manh\u00e3, \u00e0s 8h, em um bar no centro de Oslo, completamente caracterizado como Elvis.<\/p>\n<\/div>\n<div class=\"mc-column content-text active-extra-styles \" data-block-type=\"unstyled\" data-block-weight=\"17\" data-block-id=\"6\">\n<p class=\"content-text__container \" data-track-category=\"Link no Texto\" data-track-links=\"\">Segundo seu agente, recomendou-se ao artista n\u00e3o exagerar no caf\u00e9 para conseguir superar duas noites inteiras cantando. Vitaminas, frutas e barras energ\u00e9ticas permitiram que ele continuasse de p\u00e9 e preservasse sua voz, um pouco arranhada nas \u00faltimas horas.<\/p>\n<\/div>\n<div class=\"mc-column content-text active-extra-styles \" data-block-type=\"unstyled\" data-block-weight=\"32\" data-block-id=\"8\">\n<p class=\"content-text__container \" data-track-category=\"Link no Texto\" data-track-links=\"\">Bjornestad, de 52 anos, j\u00e1 havia recebido aten\u00e7\u00e3o da m\u00eddia internacional ao quebrar o recorde duas vezes o recorde, a \u00faltima vez em 2003, em uma maratona de 26 horas \u00e0 \u00e9poca.<\/p>\n<p class=\"content-text__container \" data-track-category=\"Link no Texto\" data-track-links=\"\">O artista havia lan\u00e7ado uma campanha para doa\u00e7\u00f5es no site do evento, destinado em parte \u00e0 constru\u00e7\u00e3o de hospitais em Mianmar.<\/p>\n<p data-track-category=\"Link no Texto\" data-track-links=\"\"><em>(Fonte: G1\/Foto: NTB Scanpix\/Fredrik Hagen)<\/em><\/p>\n<\/div>\n<\/div>\n","protected":false},"excerpt":{"rendered":"<p>Por 16 anos, esse recorde pertenceu ao alem\u00e3o Thomas &#8220;Curtis&#8221; G\u00e4thje<\/p>\n","protected":false},"author":13,"featured_media":62975,"comment_status":"closed","ping_status":"closed","sticky":false,"template":"","format":"standard","meta":{"footnotes":""},"categories":[2833,3076,1],"tags":[7733,7734],"class_list":["post-62974","post","type-post","status-publish","format-standard","has-post-thumbnail","hentry","category-cultura","category-entretenimento","category-noticias","tag-elvis-presley","tag-recorde-mundial"],"_links":{"self":[{"href":"https:\/\/tvtecjundiai.com.br\/news\/wp-json\/wp\/v2\/posts\/62974","targetHints":{"allow":["GET"]}}],"collection":[{"href":"https:\/\/tvtecjundiai.com.br\/news\/wp-json\/wp\/v2\/posts"}],"about":[{"href":"https:\/\/tvtecjundiai.com.br\/news\/wp-json\/wp\/v2\/types\/post"}],"author":[{"embeddable":true,"href":"https:\/\/tvtecjundiai.com.br\/news\/wp-json\/wp\/v2\/users\/13"}],"replies":[{"embeddable":true,"href":"https:\/\/tvtecjundiai.com.br\/news\/wp-json\/wp\/v2\/comments?post=62974"}],"version-history":[{"count":1,"href":"https:\/\/tvtecjundiai.com.br\/news\/wp-json\/wp\/v2\/posts\/62974\/revisions"}],"predecessor-version":[{"id":62976,"href":"https:\/\/tvtecjundiai.com.br\/news\/wp-json\/wp\/v2\/posts\/62974\/revisions\/62976"}],"wp:featuredmedia":[{"embeddable":true,"href":"https:\/\/tvtecjundiai.com.br\/news\/wp-json\/wp\/v2\/media\/62975"}],"wp:attachment":[{"href":"https:\/\/tvtecjundiai.com.br\/news\/wp-json\/wp\/v2\/media?parent=62974"}],"wp:term":[{"taxonomy":"category","embeddable":true,"href":"https:\/\/tvtecjundiai.com.br\/news\/wp-json\/wp\/v2\/categories?post=62974"},{"taxonomy":"post_tag","embeddable":true,"href":"https:\/\/tvtecjundiai.com.br\/news\/wp-json\/wp\/v2\/tags?post=62974"}],"curies":[{"name":"wp","href":"https:\/\/api.w.org\/{rel}","templated":true}]}}