{"id":63016,"date":"2020-07-28T10:00:05","date_gmt":"2020-07-28T13:00:05","guid":{"rendered":"https:\/\/tvtecjundiai.com.br\/news\/?p=63016"},"modified":"2020-07-28T10:54:28","modified_gmt":"2020-07-28T13:54:28","slug":"dividas-adquiridas-por-conta-da-pandemia-podem-ser-renegociadas-diz-advogado","status":"publish","type":"post","link":"https:\/\/tvtecjundiai.com.br\/news\/2020\/07\/28\/dividas-adquiridas-por-conta-da-pandemia-podem-ser-renegociadas-diz-advogado\/","title":{"rendered":"D\u00edvidas adquiridas por conta da pandemia podem ser renegociadas, diz advogado"},"content":{"rendered":"<p><span style=\"font-weight: 400;\">Financiamento do im\u00f3vel, parcelamento do cart\u00e3o de cr\u00e9dito, contas pendentes e uma bola de neve sem fim. Essas s\u00e3o algumas das situa\u00e7\u00f5es que milh\u00f5es de brasileiros t\u00eam enfrentado nesse momento de pandemia do Coronav\u00edrus, que trouxe um enorme impacto diretamente nos bolsos das fam\u00edlias devido a cortes no quadro de funcion\u00e1rios das empresas, redu\u00e7\u00e3o da jornada de trabalho, queda da arrecada\u00e7\u00e3o no caso de empres\u00e1rios, entre outros m\u00faltiplos fatores.<\/span><\/p>\n<div id=\"attachment_63018\" style=\"width: 405px\" class=\"wp-caption alignright\"><img loading=\"lazy\" decoding=\"async\" aria-describedby=\"caption-attachment-63018\" class=\"wp-image-63018\" src=\"https:\/\/tvtecjundiai.com.br\/news\/wp-content\/uploads\/sites\/2\/2020\/07\/d\u00edvida-300x200.jpg\" alt=\"\" width=\"395\" height=\"264\" srcset=\"https:\/\/tvtecjundiai.com.br\/news\/wp-content\/uploads\/sites\/2\/2020\/07\/d\u00edvida-300x200.jpg 300w, https:\/\/tvtecjundiai.com.br\/news\/wp-content\/uploads\/sites\/2\/2020\/07\/d\u00edvida-768x512.jpg 768w, https:\/\/tvtecjundiai.com.br\/news\/wp-content\/uploads\/sites\/2\/2020\/07\/d\u00edvida.jpg 1200w\" sizes=\"auto, (max-width: 395px) 100vw, 395px\" \/><p id=\"caption-attachment-63018\" class=\"wp-caption-text\">O devedor deve provar ao credor de que a pandemia, que \u00e9 uma for\u00e7a maior, afetou suas finan\u00e7as de forma descontrolada, explica especialista<\/p><\/div>\n<p><span style=\"font-weight: 400;\">Para falar de d\u00edvida em momentos hist\u00f3ricos como esse, \u00e9 preciso come\u00e7ar partindo do pressuposto de que, na legisla\u00e7\u00e3o, a pandemia se enquadra como \u201ccaso fortuito ou for\u00e7a maior\u201d, ou seja, uma situa\u00e7\u00e3o excepcional que n\u00e3o era o contexto de quando o contrato que hoje \u00e9 motivo do endividamento foi assinado pelas partes. \u201cNingu\u00e9m ia imaginar que o mundo ia passar por uma crise como essa e que os rendimentos seriam t\u00e3o afetados. Nessas situa\u00e7\u00f5es, o Direito estabelece motivos para revis\u00e3o do contrato\u201d, explica o advogado Thiago Alc\u00e2ntara. <\/span><\/p>\n<p><span style=\"font-weight: 400;\">Ele lembra, no entanto, que, para isso, \u00e9 importante distinguir quem contraiu a d\u00edvida durante a pandemia de quem j\u00e1 vinha a arrastando antes de o v\u00edrus aparecer. \u201cAquela pessoa que j\u00e1 estava devendo antes, se encontrava em uma situa\u00e7\u00e3o de descontrole e, talvez, de falta de gest\u00e3o adequada das pr\u00f3prias finan\u00e7as. No caso daquele indiv\u00edduo que sempre cumpriu com o contrato regularmente, a culpa n\u00e3o \u00e9 dele e sua d\u00edvida n\u00e3o ser\u00e1 extinta nem perdoada, pois \u00e9 sua responsabilidade, mas ela pode renegociada, com facilita\u00e7\u00f5es como anula\u00e7\u00e3o da multa e dos juros pelo atraso, por exemplo\u201d, pondera.<\/span><\/p>\n<p><span style=\"font-weight: 400;\">E como solicitar esse direito? \u201cO devedor deve levantar provas de que essa situa\u00e7\u00e3o alterou suas finan\u00e7as\u201d, responde o advogado. \u201cPor exemplo: comprovar os dias em que ficou em casa impossibilitado de trabalhar; se foi internado ou ficou em quarentena por contamina\u00e7\u00e3o do v\u00edrus; se teve queda nos atendimentos e vendas caso seja comerciante ou prestador de servi\u00e7o, entre outros. Ele precisa provar que antes da pandemia sua condi\u00e7\u00e3o financeira estava sob controle\u201d, resume.<\/span><\/p>\n<p><span style=\"font-weight: 400;\">Essa negocia\u00e7\u00e3o, inicialmente, \u00e9 diretamente com a outra parte contratual. \u201c\u00c9 aqui que entra o bom senso do credor, cuja boa f\u00e9 \u00e9 necess\u00e1ria. Caso a negocia\u00e7\u00e3o entre as partes n\u00e3o surtir os efeitos desejados deve-se buscar a disputa judicial, por meio de um advogado\u201d, diz.<\/span><\/p>\n<p><span style=\"font-weight: 400;\">De acordo com ele, \u00e9 o juiz quem poder\u00e1 alterar algumas obriga\u00e7\u00f5es, se verificar que o devedor tomou todas as cautelas para cumprir com suas obriga\u00e7\u00f5es. \u201cEm muitos casos as partes chegam a um consenso. Mas \u00e9 claro que cada situa\u00e7\u00e3o deve ser analisada individualmente, caso a caso\u201d, finaliza.<\/span><\/p>\n<p><span style=\"font-weight: 400;\">\u201cDireitos do devedor\u201d foi um dos temas do Boletim TVTEC na primeira edi\u00e7\u00e3o da segunda-feira (27). Confira na \u00edntegra a entrevista realizada com o o advogado Thiago Alc\u00e2ntara:<\/span><\/p>\n<p><iframe loading=\"lazy\" title=\"BOLETIM TVTEC #218\" width=\"500\" height=\"281\" src=\"https:\/\/www.youtube.com\/embed\/edZMmbUlEPQ?feature=oembed\" frameborder=\"0\" allow=\"accelerometer; autoplay; clipboard-write; encrypted-media; gyroscope; picture-in-picture; web-share\" referrerpolicy=\"strict-origin-when-cross-origin\" allowfullscreen><\/iframe><\/p>\n<p><em>(Imagem de destaque: ilustra\u00e7\u00e3o\/internet)<\/em><\/p>\n","protected":false},"excerpt":{"rendered":"<p>Devedor deve provar ao credor de que a pandemia afetou suas finan\u00e7as de forma descontrolada<\/p>\n","protected":false},"author":18,"featured_media":63018,"comment_status":"closed","ping_status":"closed","sticky":false,"template":"","format":"standard","meta":{"footnotes":""},"categories":[2829,1],"tags":[3968,2161,851,7739,6511],"class_list":["post-63016","post","type-post","status-publish","format-standard","has-post-thumbnail","hentry","category-economia","category-noticias","tag-advogado","tag-contrato","tag-divida","tag-justica","tag-pandemia"],"_links":{"self":[{"href":"https:\/\/tvtecjundiai.com.br\/news\/wp-json\/wp\/v2\/posts\/63016","targetHints":{"allow":["GET"]}}],"collection":[{"href":"https:\/\/tvtecjundiai.com.br\/news\/wp-json\/wp\/v2\/posts"}],"about":[{"href":"https:\/\/tvtecjundiai.com.br\/news\/wp-json\/wp\/v2\/types\/post"}],"author":[{"embeddable":true,"href":"https:\/\/tvtecjundiai.com.br\/news\/wp-json\/wp\/v2\/users\/18"}],"replies":[{"embeddable":true,"href":"https:\/\/tvtecjundiai.com.br\/news\/wp-json\/wp\/v2\/comments?post=63016"}],"version-history":[{"count":8,"href":"https:\/\/tvtecjundiai.com.br\/news\/wp-json\/wp\/v2\/posts\/63016\/revisions"}],"predecessor-version":[{"id":63102,"href":"https:\/\/tvtecjundiai.com.br\/news\/wp-json\/wp\/v2\/posts\/63016\/revisions\/63102"}],"wp:featuredmedia":[{"embeddable":true,"href":"https:\/\/tvtecjundiai.com.br\/news\/wp-json\/wp\/v2\/media\/63018"}],"wp:attachment":[{"href":"https:\/\/tvtecjundiai.com.br\/news\/wp-json\/wp\/v2\/media?parent=63016"}],"wp:term":[{"taxonomy":"category","embeddable":true,"href":"https:\/\/tvtecjundiai.com.br\/news\/wp-json\/wp\/v2\/categories?post=63016"},{"taxonomy":"post_tag","embeddable":true,"href":"https:\/\/tvtecjundiai.com.br\/news\/wp-json\/wp\/v2\/tags?post=63016"}],"curies":[{"name":"wp","href":"https:\/\/api.w.org\/{rel}","templated":true}]}}