{"id":63146,"date":"2020-07-28T14:53:17","date_gmt":"2020-07-28T17:53:17","guid":{"rendered":"https:\/\/tvtecjundiai.com.br\/news\/?p=63146"},"modified":"2020-07-28T15:20:43","modified_gmt":"2020-07-28T18:20:43","slug":"cnbb-lanca-campanha-amazoniza-te","status":"publish","type":"post","link":"https:\/\/tvtecjundiai.com.br\/news\/2020\/07\/28\/cnbb-lanca-campanha-amazoniza-te\/","title":{"rendered":"CNBB lan\u00e7a campanha &#8216;Amazoniza-te&#8217;"},"content":{"rendered":"<p>A Comiss\u00e3o Episcopal para a Amaz\u00f4nia da Confer\u00eancia Nacional dos Bispos do Brasil (CNBB) lan\u00e7ou nessa segunda-fera (27) a Campanha Amazoniza-te. Organizada em, parceria com outras organiza\u00e7\u00f5es eclesiais e da sociedade civil, a iniciativa denuncia as viol\u00eancias contra os povos tradicionais agravadas pela pandemia da Covid-19.<\/p>\n<div id=\"attachment_63148\" style=\"width: 343px\" class=\"wp-caption alignright\"><img loading=\"lazy\" decoding=\"async\" aria-describedby=\"caption-attachment-63148\" class=\"wp-image-63148\" src=\"https:\/\/tvtecjundiai.com.br\/news\/wp-content\/uploads\/sites\/2\/2020\/07\/cnbb-300x184.png\" alt=\"\" width=\"333\" height=\"204\" srcset=\"https:\/\/tvtecjundiai.com.br\/news\/wp-content\/uploads\/sites\/2\/2020\/07\/cnbb-300x184.png 300w, https:\/\/tvtecjundiai.com.br\/news\/wp-content\/uploads\/sites\/2\/2020\/07\/cnbb.png 699w\" sizes=\"auto, (max-width: 333px) 100vw, 333px\" \/><p id=\"caption-attachment-63148\" class=\"wp-caption-text\">Dom Erwin Krautler, bispo em\u00e9rito do Xingu, no v\u00eddeo de lan\u00e7amento da campanha<\/p><\/div>\n<p>Exp\u00f5e uma conjuntura onde o desmatamento e a grilagem, as queimadas, a minera\u00e7\u00e3o e garimpo se intensificam, tornando-se agentes de prolifera\u00e7\u00e3o do coronav\u00edrus nas comunidades da regi\u00e3o amaz\u00f4nica.<\/p>\n<p>De acordo com o presidente da CNBB, dom Walmor Oliveira de Azevedo, a campanha \u201cAmazoniza-te\u201d \u00e9 um convite, uma convoca\u00e7\u00e3o e uma oportunidade para se viver a solidariedade com a floresta e com os povos da regi\u00e3o. \u201cN\u00f3s queremos, nesse convite a \u2018amazonizar\u2019, superar a viola\u00e7\u00e3o sistem\u00e1tica da legisla\u00e7\u00e3o de prote\u00e7\u00e3o ambiental e o desmonte dos \u00f3rg\u00e3os p\u00fablicos com atua\u00e7\u00e3o do governo para desregulamentar e ampliar de forma ilegal a atua\u00e7\u00e3o das mineradoras, agroneg\u00f3cio, madeireiras e pecuaristas na regi\u00e3o\u201d, destacou dom Walmor.<\/p>\n<p>Papa Francisco<\/p>\n<p>A iniciativa une-se a caminhada realizada ao longo dos \u00faltimos anos em vista do S\u00ednodo para a Amaz\u00f4nia, realizado em outubro de 2019, em Roma. Com o Papa Francisco, a regi\u00e3o Amaz\u00f4nica e a vida dos povos que habitam a regi\u00e3o ganham o centro dos debates na Igreja. \u201cNa Amaz\u00f4nia aparece todo tipo de injusti\u00e7a, destrui\u00e7\u00e3o de pessoas, explora\u00e7\u00e3o de pessoas em todos os n\u00edveis. E destrui\u00e7\u00e3o da identidade cultural\u201d, ponderou Francisco no encerramento do S\u00ednodo dos Bispos sobre a Amaz\u00f4nia.<\/p>\n<p><em>(Fonte e imagem: CNBB)<\/em><\/p>\n","protected":false},"excerpt":{"rendered":"<p>Trata-se de a\u00e7\u00e3o solid\u00e1ria com a floresta e com os povos da regi\u00e3o<\/p>\n","protected":false},"author":8,"featured_media":63148,"comment_status":"closed","ping_status":"closed","sticky":false,"template":"","format":"standard","meta":{"footnotes":""},"categories":[3185,2829,5706,3569,1],"tags":[7758,7757],"class_list":["post-63146","post","type-post","status-publish","format-standard","has-post-thumbnail","hentry","category-clima","category-economia","category-inclusao","category-meio-ambiente","category-noticias","tag-amazoniza-te","tag-cnbb"],"_links":{"self":[{"href":"https:\/\/tvtecjundiai.com.br\/news\/wp-json\/wp\/v2\/posts\/63146","targetHints":{"allow":["GET"]}}],"collection":[{"href":"https:\/\/tvtecjundiai.com.br\/news\/wp-json\/wp\/v2\/posts"}],"about":[{"href":"https:\/\/tvtecjundiai.com.br\/news\/wp-json\/wp\/v2\/types\/post"}],"author":[{"embeddable":true,"href":"https:\/\/tvtecjundiai.com.br\/news\/wp-json\/wp\/v2\/users\/8"}],"replies":[{"embeddable":true,"href":"https:\/\/tvtecjundiai.com.br\/news\/wp-json\/wp\/v2\/comments?post=63146"}],"version-history":[{"count":1,"href":"https:\/\/tvtecjundiai.com.br\/news\/wp-json\/wp\/v2\/posts\/63146\/revisions"}],"predecessor-version":[{"id":63149,"href":"https:\/\/tvtecjundiai.com.br\/news\/wp-json\/wp\/v2\/posts\/63146\/revisions\/63149"}],"wp:featuredmedia":[{"embeddable":true,"href":"https:\/\/tvtecjundiai.com.br\/news\/wp-json\/wp\/v2\/media\/63148"}],"wp:attachment":[{"href":"https:\/\/tvtecjundiai.com.br\/news\/wp-json\/wp\/v2\/media?parent=63146"}],"wp:term":[{"taxonomy":"category","embeddable":true,"href":"https:\/\/tvtecjundiai.com.br\/news\/wp-json\/wp\/v2\/categories?post=63146"},{"taxonomy":"post_tag","embeddable":true,"href":"https:\/\/tvtecjundiai.com.br\/news\/wp-json\/wp\/v2\/tags?post=63146"}],"curies":[{"name":"wp","href":"https:\/\/api.w.org\/{rel}","templated":true}]}}