{"id":63213,"date":"2020-07-29T09:26:25","date_gmt":"2020-07-29T12:26:25","guid":{"rendered":"https:\/\/tvtecjundiai.com.br\/news\/?p=63213"},"modified":"2020-07-29T11:56:32","modified_gmt":"2020-07-29T14:56:32","slug":"espetaculo-circense-altissonante-tera-transmissao-online-na-sexta-31","status":"publish","type":"post","link":"https:\/\/tvtecjundiai.com.br\/news\/2020\/07\/29\/espetaculo-circense-altissonante-tera-transmissao-online-na-sexta-31\/","title":{"rendered":"Espet\u00e1culo circense \u201cAltissonante&#8221; ter\u00e1 transmiss\u00e3o online na sexta (31)"},"content":{"rendered":"<div id=\"attachment_63214\" style=\"width: 455px\" class=\"wp-caption alignright\"><a href=\"https:\/\/tvtecjundiai.com.br\/news\/wp-content\/uploads\/sites\/2\/2020\/07\/altissonante_lu_menin-1280x851-1.jpg\"><img loading=\"lazy\" decoding=\"async\" aria-describedby=\"caption-attachment-63214\" class=\"wp-image-63214 \" src=\"https:\/\/tvtecjundiai.com.br\/news\/wp-content\/uploads\/sites\/2\/2020\/07\/altissonante_lu_menin-1280x851-1-300x199.jpg\" alt=\"\" width=\"445\" height=\"295\" srcset=\"https:\/\/tvtecjundiai.com.br\/news\/wp-content\/uploads\/sites\/2\/2020\/07\/altissonante_lu_menin-1280x851-1-300x199.jpg 300w, https:\/\/tvtecjundiai.com.br\/news\/wp-content\/uploads\/sites\/2\/2020\/07\/altissonante_lu_menin-1280x851-1-1200x798.jpg 1200w, https:\/\/tvtecjundiai.com.br\/news\/wp-content\/uploads\/sites\/2\/2020\/07\/altissonante_lu_menin-1280x851-1-768x511.jpg 768w, https:\/\/tvtecjundiai.com.br\/news\/wp-content\/uploads\/sites\/2\/2020\/07\/altissonante_lu_menin-1280x851-1.jpg 1280w\" sizes=\"auto, (max-width: 445px) 100vw, 445px\" \/><\/a><p id=\"caption-attachment-63214\" class=\"wp-caption-text\">Vers\u00e3o especial online do espet\u00e1culo ser\u00e1 apresentado nas redes sociais<\/p><\/div>\n<p>O espet\u00e1culo circense \u201cAltissonante\u201d, projeto contemplado pelo Programa de A\u00e7\u00e3o Cultural (Proac) da Secretaria Estadual de Cultura e Economia Criativa, ter\u00e1 uma vers\u00e3o especial transmitida pela internet nesta sexta-feira (31), \u00e0s 18h.<\/p>\n<p>A Unidade de Gest\u00e3o de Cultura (UGC) da Prefeitura apoia a iniciativa e a divulga\u00e7\u00e3o da transmiss\u00e3o, j\u00e1 que o espet\u00e1culo tinha uma apresenta\u00e7\u00e3o prevista no Complexo Fepasa e teve de ser cancelada por conta das determina\u00e7\u00f5es de isolamento social de combate ao Coronav\u00edrus.<\/p>\n<p>Num solo da artista da Cia. Barnab\u00f4, Lu Menin, e dire\u00e7\u00e3o de Lu Lopes, a vers\u00e3o domiciliar do espet\u00e1culo ser\u00e1 feita no quintal da atriz e ser\u00e1 transmitida pelo\u00a0<a href=\"https:\/\/www.youtube.com\/watch?v=kmAk8Bojrys\" target=\"_blank\" rel=\"noopener noreferrer\">YouTube da atriz<\/a>\u00a0e pelo\u00a0<a href=\"https:\/\/www.facebook.com\/meninordio02\/\" target=\"_blank\" rel=\"noopener noreferrer\">Facebook<\/a>\u00a0e\u00a0<a href=\"https:\/\/www.instagram.com\/ciabarnabo\/\" target=\"_blank\" rel=\"noopener noreferrer\">Instagram<\/a>\u00a0da Cia. Barnab\u00f4.<\/p>\n<p>\u201cAltissonante\u201d traz uma linguagem multifacet\u00e1ria do circo, atrav\u00e9s das t\u00e9cnicas de parada de m\u00e3os, acrodan\u00e7a, junto com o canto, a dan\u00e7a e o teatro f\u00edsico. O espet\u00e1culo trata das inquieta\u00e7\u00f5es da mulher moderna, com suas as batalhas di\u00e1rias e as formas de lidar com a necessidade de ser v\u00e1rias mulheres em uma s\u00f3, tudo isso com uma delicadeza est\u00e9tica e um olhar cr\u00edtico de como a sociedade lida com essa mulher completa.<\/p>\n<p>J\u00e1 no s\u00e1bado (01), \u00e0s 18h, a atriz e a diretora do espet\u00e1culo realizar\u00e3o uma live nos mesmos canais para discutir a nova linguagem do circo atrav\u00e9s das c\u00e2meras e do isolamento social.<\/p>\n<p><em>(Fonte: Prefeitura de Jundia\u00ed\/Foto: Assessoria de Imprensa)<\/em><\/p>\n","protected":false},"excerpt":{"rendered":"<p>Apresenta\u00e7\u00e3o prevista no Complexo Fepasa foi cancelada por conta da pandemia <\/p>\n","protected":false},"author":13,"featured_media":63214,"comment_status":"closed","ping_status":"closed","sticky":false,"template":"","format":"standard","meta":{"footnotes":""},"categories":[2833,3076,1],"tags":[7763],"class_list":["post-63213","post","type-post","status-publish","format-standard","has-post-thumbnail","hentry","category-cultura","category-entretenimento","category-noticias","tag-espetaculo-circense"],"_links":{"self":[{"href":"https:\/\/tvtecjundiai.com.br\/news\/wp-json\/wp\/v2\/posts\/63213","targetHints":{"allow":["GET"]}}],"collection":[{"href":"https:\/\/tvtecjundiai.com.br\/news\/wp-json\/wp\/v2\/posts"}],"about":[{"href":"https:\/\/tvtecjundiai.com.br\/news\/wp-json\/wp\/v2\/types\/post"}],"author":[{"embeddable":true,"href":"https:\/\/tvtecjundiai.com.br\/news\/wp-json\/wp\/v2\/users\/13"}],"replies":[{"embeddable":true,"href":"https:\/\/tvtecjundiai.com.br\/news\/wp-json\/wp\/v2\/comments?post=63213"}],"version-history":[{"count":3,"href":"https:\/\/tvtecjundiai.com.br\/news\/wp-json\/wp\/v2\/posts\/63213\/revisions"}],"predecessor-version":[{"id":63271,"href":"https:\/\/tvtecjundiai.com.br\/news\/wp-json\/wp\/v2\/posts\/63213\/revisions\/63271"}],"wp:featuredmedia":[{"embeddable":true,"href":"https:\/\/tvtecjundiai.com.br\/news\/wp-json\/wp\/v2\/media\/63214"}],"wp:attachment":[{"href":"https:\/\/tvtecjundiai.com.br\/news\/wp-json\/wp\/v2\/media?parent=63213"}],"wp:term":[{"taxonomy":"category","embeddable":true,"href":"https:\/\/tvtecjundiai.com.br\/news\/wp-json\/wp\/v2\/categories?post=63213"},{"taxonomy":"post_tag","embeddable":true,"href":"https:\/\/tvtecjundiai.com.br\/news\/wp-json\/wp\/v2\/tags?post=63213"}],"curies":[{"name":"wp","href":"https:\/\/api.w.org\/{rel}","templated":true}]}}