{"id":63230,"date":"2020-07-29T10:39:55","date_gmt":"2020-07-29T13:39:55","guid":{"rendered":"https:\/\/tvtecjundiai.com.br\/news\/?p=63230"},"modified":"2020-07-29T11:44:56","modified_gmt":"2020-07-29T14:44:56","slug":"5-dicas-para-conseguir-um-emprego-na-pandemia-1","status":"publish","type":"post","link":"https:\/\/tvtecjundiai.com.br\/news\/2020\/07\/29\/5-dicas-para-conseguir-um-emprego-na-pandemia-1\/","title":{"rendered":"5 dicas para conseguir um emprego na pandemia"},"content":{"rendered":"<p>A crise provocada pelo Coronav\u00edrus atingiu em cheio a economia mundial. Segundo a Pesquisa Nacional de Amostra de Domic\u00edlios (PNAD Cont\u00ednua) a porcentagem de desempregados chegou a 12,9% neste \u00faltimo trimestre. J\u00e1 os dados analisados pelo LCA Consultores, a partir de um levantamento de pesquisas do Instituto Brasileiro de Geografia e Estat\u00edstica (IBGE), apontam que a taxa de desemprego dos jovens deve crescer para 38,8% no terceiro trimestre deste ano. No primeiro trimestre a taxa foi de 27,7%.<\/p>\n<div id=\"attachment_63239\" style=\"width: 416px\" class=\"wp-caption alignright\"><a href=\"https:\/\/tvtecjundiai.com.br\/news\/wp-content\/uploads\/sites\/2\/2020\/07\/vagas-f-1024x682-1.jpg\"><img loading=\"lazy\" decoding=\"async\" aria-describedby=\"caption-attachment-63239\" class=\"wp-image-63239\" src=\"https:\/\/tvtecjundiai.com.br\/news\/wp-content\/uploads\/sites\/2\/2020\/07\/vagas-f-1024x682-1-300x200.jpg\" alt=\"\" width=\"406\" height=\"270\" srcset=\"https:\/\/tvtecjundiai.com.br\/news\/wp-content\/uploads\/sites\/2\/2020\/07\/vagas-f-1024x682-1-300x200.jpg 300w, https:\/\/tvtecjundiai.com.br\/news\/wp-content\/uploads\/sites\/2\/2020\/07\/vagas-f-1024x682-1-768x512.jpg 768w, https:\/\/tvtecjundiai.com.br\/news\/wp-content\/uploads\/sites\/2\/2020\/07\/vagas-f-1024x682-1.jpg 1024w\" sizes=\"auto, (max-width: 406px) 100vw, 406px\" \/><\/a><p id=\"caption-attachment-63239\" class=\"wp-caption-text\">A crise provocada pelo Coronav\u00edrus atingiu em cheio a economia mundial<\/p><\/div>\n<p>Se a proje\u00e7\u00e3o se confirmar, 7,9 milh\u00f5es de pessoas, de 14 a 25 anos, estar\u00e3o em busca de trabalho no terceiro trimestre, bem acima dos atuais 5,5 milh\u00f5es atuais.<\/p>\n<p>Com isso, confira abaixo 5 dicas para conseguir um emprego durante a pandemia, listada por Jefferson Vendrametto, especialista em educa\u00e7\u00e3o e s\u00f3cio acionista do Cebrac.<\/p>\n<ul>\n<li><strong>Fa\u00e7a curr\u00edculos atrativos e sem informa\u00e7\u00f5es em excesso: <\/strong>J\u00e1 est\u00e1 ultrapassado curr\u00edculos com muitas informa\u00e7\u00f5es, prolixo, e em formatos sem objetividade, principalmente sobre as atividades exercidas.<\/li>\n<li><strong>Aposte nos cursos e especializa\u00e7\u00f5es: <\/strong>Se puder fazer algum curso, que seja em uma \u00e1rea de ampla contrata\u00e7\u00e3o, como est\u00e1 acontecendo com as empresas de T.I e Administra\u00e7\u00e3o fa\u00e7a.<\/li>\n<li><strong>Pesquise sobre as empresas que se candidatar: <\/strong>Pesquisar a empresa e a \u00e1rea de atua\u00e7\u00e3o garantir\u00e1 que na entrevista voc\u00ea se saia bem e fale com propriedade. Saiba quais \u00e1reas seu servi\u00e7o pode ser \u00fatil, e pesquise sobre as empresas que voc\u00ea tenha vontade de aprender a trabalhar.<\/li>\n<li><strong>Tenha foco, disciplina e comprometimento: <\/strong>Estes tr\u00eas pilares s\u00e3o os que movem qualquer \u00e2mbito de rela\u00e7\u00f5es trabalhistas. As habilidades podem ser desenvolvidas, mas se o candidato n\u00e3o tiver n\u00edtido o que ele quer, manter-se focado mesmo na press\u00e3o e comprometido com os resultados e processos da empresa, isso transparecer\u00e1 durante a entrevista.<\/li>\n<li><strong>Saiba quais s\u00e3o suas qualidades e melhore nos pontos que tiver dificuldade: <\/strong>Ser seguro do que voc\u00ea sabe fazer e o que pode oferecer ajuda muito a ter uma postura profissional adequada.<\/li>\n<\/ul>\n<p><em>(Fonte: Catraca Livre\/Imagens: Reprodu\u00e7\u00e3o)<\/em><\/p>\n","protected":false},"excerpt":{"rendered":"<p>A crise provocada pelo Coronav\u00edrus atingiu em cheio a economia mundial <\/p>\n","protected":false},"author":13,"featured_media":2358,"comment_status":"closed","ping_status":"closed","sticky":false,"template":"","format":"standard","meta":{"footnotes":""},"categories":[2829,5038,1],"tags":[6242,1283,37,6511],"class_list":["post-63230","post","type-post","status-publish","format-standard","has-post-thumbnail","hentry","category-economia","category-emprego","category-noticias","tag-coronavirus","tag-dicas","tag-emprego","tag-pandemia"],"_links":{"self":[{"href":"https:\/\/tvtecjundiai.com.br\/news\/wp-json\/wp\/v2\/posts\/63230","targetHints":{"allow":["GET"]}}],"collection":[{"href":"https:\/\/tvtecjundiai.com.br\/news\/wp-json\/wp\/v2\/posts"}],"about":[{"href":"https:\/\/tvtecjundiai.com.br\/news\/wp-json\/wp\/v2\/types\/post"}],"author":[{"embeddable":true,"href":"https:\/\/tvtecjundiai.com.br\/news\/wp-json\/wp\/v2\/users\/13"}],"replies":[{"embeddable":true,"href":"https:\/\/tvtecjundiai.com.br\/news\/wp-json\/wp\/v2\/comments?post=63230"}],"version-history":[{"count":5,"href":"https:\/\/tvtecjundiai.com.br\/news\/wp-json\/wp\/v2\/posts\/63230\/revisions"}],"predecessor-version":[{"id":63267,"href":"https:\/\/tvtecjundiai.com.br\/news\/wp-json\/wp\/v2\/posts\/63230\/revisions\/63267"}],"wp:featuredmedia":[{"embeddable":true,"href":"https:\/\/tvtecjundiai.com.br\/news\/wp-json\/wp\/v2\/media\/2358"}],"wp:attachment":[{"href":"https:\/\/tvtecjundiai.com.br\/news\/wp-json\/wp\/v2\/media?parent=63230"}],"wp:term":[{"taxonomy":"category","embeddable":true,"href":"https:\/\/tvtecjundiai.com.br\/news\/wp-json\/wp\/v2\/categories?post=63230"},{"taxonomy":"post_tag","embeddable":true,"href":"https:\/\/tvtecjundiai.com.br\/news\/wp-json\/wp\/v2\/tags?post=63230"}],"curies":[{"name":"wp","href":"https:\/\/api.w.org\/{rel}","templated":true}]}}