{"id":63270,"date":"2020-07-29T12:04:11","date_gmt":"2020-07-29T15:04:11","guid":{"rendered":"https:\/\/tvtecjundiai.com.br\/news\/?p=63270"},"modified":"2020-07-29T12:04:11","modified_gmt":"2020-07-29T15:04:11","slug":"estudo-mostra-que-efeito-estufa-aumentou-temperatura-no-sudeste-do-brasil","status":"publish","type":"post","link":"https:\/\/tvtecjundiai.com.br\/news\/2020\/07\/29\/estudo-mostra-que-efeito-estufa-aumentou-temperatura-no-sudeste-do-brasil\/","title":{"rendered":"Estudo mostra que efeito estufa aumentou temperatura no Sudeste do Brasil"},"content":{"rendered":"<p>Entre os anos de 1995 e 2004, a\u00a0temperatura da regi\u00e3o Sudeste do Brasil aumentou em 1,1\u00ba Celsius (C). \u00c9 isso o que diz um estudo do Instituto de Astronomia, Geof\u00edsica e Ci\u00eancias Atmosf\u00e9ricas (IAG) da USP, publicado na revista cient\u00edfica <em>Geophysical Research Letters<\/em>. A pesquisa traz an\u00e1lises da temperatura de uma localiza\u00e7\u00e3o espec\u00edfica e mostra consequ\u00eancias do efeito estufa\u00a0e do\u00a0aquecimento global\u00a0em\u00a0uma escala menor, com foco em um local espec\u00edfico.<\/p>\n<div id=\"attachment_63272\" style=\"width: 352px\" class=\"wp-caption alignright\"><a href=\"https:\/\/tvtecjundiai.com.br\/news\/wp-content\/uploads\/sites\/2\/2020\/07\/efeito-estufa-no-sudeste-foto-getty-images-1.jpg\"><img loading=\"lazy\" decoding=\"async\" aria-describedby=\"caption-attachment-63272\" class=\"wp-image-63272\" src=\"https:\/\/tvtecjundiai.com.br\/news\/wp-content\/uploads\/sites\/2\/2020\/07\/efeito-estufa-no-sudeste-foto-getty-images-1-300x233.jpg\" alt=\"\" width=\"342\" height=\"266\" srcset=\"https:\/\/tvtecjundiai.com.br\/news\/wp-content\/uploads\/sites\/2\/2020\/07\/efeito-estufa-no-sudeste-foto-getty-images-1-300x233.jpg 300w, https:\/\/tvtecjundiai.com.br\/news\/wp-content\/uploads\/sites\/2\/2020\/07\/efeito-estufa-no-sudeste-foto-getty-images-1-768x597.jpg 768w, https:\/\/tvtecjundiai.com.br\/news\/wp-content\/uploads\/sites\/2\/2020\/07\/efeito-estufa-no-sudeste-foto-getty-images-1.jpg 900w\" sizes=\"auto, (max-width: 342px) 100vw, 342px\" \/><\/a><p id=\"caption-attachment-63272\" class=\"wp-caption-text\">A urbaniza\u00e7\u00e3o \u00e9 um forte vetor que ajuda a amplificar o aumento de temperatura<\/p><\/div>\n<p>Segundo informa\u00e7\u00f5es do site <em>Ciclo Vivo<\/em>, geralmente medi\u00e7\u00f5es relacionadas \u00e0 temperatura s\u00e3o calculadas a partir de dados de todo o planeta. O aumento da temperatura no Sudeste se deu principalmente por conta da emiss\u00e3o de gases do efeito estufa por parte de atividades humanas.<\/p>\n<p>O fen\u00f4meno \u00e9 considerado natural e mant\u00e9m o calor necess\u00e1rio para a exist\u00eancia da vida terrestre, mas, se exagerado, pode provocar um superaquecimento da superf\u00edcie do planeta e acarretar diversas mudan\u00e7as clim\u00e1ticas. A urbaniza\u00e7\u00e3o \u00e9 um forte vetor de aquecimento que ajuda a amplificar esse aumento de temperatura, al\u00e9m do desmatamento.<\/p>\n<p>Segundo Rafael Ces\u00e1rio de Abreu, formado em Meteorologia pelo IAG e autor do estudo, as an\u00e1lises foram realizadas com simula\u00e7\u00f5es da temperatura da regi\u00e3o Sudeste, entre 1995 e 2004, a partir de tr\u00eas fatores: causas naturais, efeito estufa causado por atividades humanas e outros tipos de aeross\u00f3is.<\/p>\n<p><em>(Fonte: Hypeness\/Foto: Getty Images)<\/em><\/p>\n","protected":false},"excerpt":{"rendered":"<p>A urbaniza\u00e7\u00e3o \u00e9 um forte vetor que ajuda a amplificar o aumento de temperatura<\/p>\n","protected":false},"author":14,"featured_media":63272,"comment_status":"closed","ping_status":"closed","sticky":false,"template":"","format":"standard","meta":{"footnotes":""},"categories":[3185,1],"tags":[1903,3618,4970,526],"class_list":["post-63270","post","type-post","status-publish","format-standard","has-post-thumbnail","hentry","category-clima","category-noticias","tag-brasil","tag-efeito-estufa","tag-meteorologia","tag-sudeste"],"_links":{"self":[{"href":"https:\/\/tvtecjundiai.com.br\/news\/wp-json\/wp\/v2\/posts\/63270","targetHints":{"allow":["GET"]}}],"collection":[{"href":"https:\/\/tvtecjundiai.com.br\/news\/wp-json\/wp\/v2\/posts"}],"about":[{"href":"https:\/\/tvtecjundiai.com.br\/news\/wp-json\/wp\/v2\/types\/post"}],"author":[{"embeddable":true,"href":"https:\/\/tvtecjundiai.com.br\/news\/wp-json\/wp\/v2\/users\/14"}],"replies":[{"embeddable":true,"href":"https:\/\/tvtecjundiai.com.br\/news\/wp-json\/wp\/v2\/comments?post=63270"}],"version-history":[{"count":1,"href":"https:\/\/tvtecjundiai.com.br\/news\/wp-json\/wp\/v2\/posts\/63270\/revisions"}],"predecessor-version":[{"id":63274,"href":"https:\/\/tvtecjundiai.com.br\/news\/wp-json\/wp\/v2\/posts\/63270\/revisions\/63274"}],"wp:featuredmedia":[{"embeddable":true,"href":"https:\/\/tvtecjundiai.com.br\/news\/wp-json\/wp\/v2\/media\/63272"}],"wp:attachment":[{"href":"https:\/\/tvtecjundiai.com.br\/news\/wp-json\/wp\/v2\/media?parent=63270"}],"wp:term":[{"taxonomy":"category","embeddable":true,"href":"https:\/\/tvtecjundiai.com.br\/news\/wp-json\/wp\/v2\/categories?post=63270"},{"taxonomy":"post_tag","embeddable":true,"href":"https:\/\/tvtecjundiai.com.br\/news\/wp-json\/wp\/v2\/tags?post=63270"}],"curies":[{"name":"wp","href":"https:\/\/api.w.org\/{rel}","templated":true}]}}