{"id":63273,"date":"2020-07-29T12:11:41","date_gmt":"2020-07-29T15:11:41","guid":{"rendered":"https:\/\/tvtecjundiai.com.br\/news\/?p=63273"},"modified":"2020-07-29T14:49:25","modified_gmt":"2020-07-29T17:49:25","slug":"primeiro-lote-da-vacina-de-oxford-deve-chegar-em-dezembro-ao-pais","status":"publish","type":"post","link":"https:\/\/tvtecjundiai.com.br\/news\/2020\/07\/29\/primeiro-lote-da-vacina-de-oxford-deve-chegar-em-dezembro-ao-pais\/","title":{"rendered":"Primeiro lote da vacina de Oxford deve chegar em dezembro ao pa\u00eds"},"content":{"rendered":"<p>O secret\u00e1rio de vigil\u00e2ncia em sa\u00fade do Minist\u00e9rio da Sa\u00fade, Arnaldo Correia de Medeiros, afirmou que o governo j\u00e1 encomendou 100 milh\u00f5es de unidades da vacina de Oxford contra Covid-19, que est\u00e1 na terceira e \u00faltima fase de testes.<\/p>\n<div id=\"attachment_63275\" style=\"width: 410px\" class=\"wp-caption alignleft\"><img loading=\"lazy\" decoding=\"async\" aria-describedby=\"caption-attachment-63275\" class=\"wp-image-63275\" src=\"https:\/\/tvtecjundiai.com.br\/news\/wp-content\/uploads\/sites\/2\/2020\/07\/DES20200329026-low-300x200.jpg\" alt=\"\" width=\"400\" height=\"267\" srcset=\"https:\/\/tvtecjundiai.com.br\/news\/wp-content\/uploads\/sites\/2\/2020\/07\/DES20200329026-low-300x200.jpg 300w, https:\/\/tvtecjundiai.com.br\/news\/wp-content\/uploads\/sites\/2\/2020\/07\/DES20200329026-low.jpg 768w\" sizes=\"auto, (max-width: 400px) 100vw, 400px\" \/><p id=\"caption-attachment-63275\" class=\"wp-caption-text\">Vacina est\u00e1 na terceira e \u00faltima fase de testes<\/p><\/div>\n<p>Medeiros explica que, caso os testes mostrem que a vacina \u00e9 eficaz, o pa\u00eds ir\u00e1 receber um lote de de 15,2 milh\u00f5es de doses na segunda quinzena de dezembro. Haveria ainda um segundo lote com mais 15,2 milh\u00f5es de doses, que deve ser entregue em janeiro.<\/p>\n<p>Ainda segundo Medeiros, o minist\u00e9rio fechou um acordo para a compra de 100 milh\u00f5es de doses. Na terceira fase dos testes, a vacina est\u00e1 sendo testada no Brasil com a ajuda da Universidade Federal de S\u00e3o Paulo (Unifesp).<\/p>\n<p>Em entrevista \u00e0 CNN, Medeiros tamb\u00e9m explicou como deve ser a primeira etapa da campanha de vacina\u00e7\u00e3o. Segundo ele, equipes da pasta est\u00e3o montando uma estrat\u00e9gia de aplica\u00e7\u00e3o das vacinas de forma segura, priorizando pessoas mais idosas, aqueles com comorbidades e os profissionais da sa\u00fade, que est\u00e3o na linha de frente no combate \u00e0 doen\u00e7a e precisam de prote\u00e7\u00e3o.<\/p>\n<p>O secret\u00e1rio ainda afirmou que o acordo entre governo brasileiro e a Funda\u00e7\u00e3o Oswaldo Cruz (Fiocruz) com a Universidade de Oxford e a AstraZeneca garante ao pa\u00eds a possibilidade de produzir nacionalmente a vacina no laborat\u00f3rio da Fiocruz em Bio Manguinhos, no Rio de Janeiro.<\/p>\n<p><em>(Fonte: Infomoney\/Imagem: Estad\u00e3o Conte\u00fado)\u00a0<\/em><\/p>\n","protected":false},"excerpt":{"rendered":"<p>Pa\u00eds deve receber um lote de 15,2 milh\u00f5es de doses na segunda quinzena de dezembro<\/p>\n","protected":false},"author":18,"featured_media":63275,"comment_status":"closed","ping_status":"closed","sticky":false,"template":"","format":"standard","meta":{"footnotes":""},"categories":[3060,1],"tags":[1903,6512,104],"class_list":["post-63273","post","type-post","status-publish","format-standard","has-post-thumbnail","hentry","category-geral","category-noticias","tag-brasil","tag-covid-19","tag-vacina"],"_links":{"self":[{"href":"https:\/\/tvtecjundiai.com.br\/news\/wp-json\/wp\/v2\/posts\/63273","targetHints":{"allow":["GET"]}}],"collection":[{"href":"https:\/\/tvtecjundiai.com.br\/news\/wp-json\/wp\/v2\/posts"}],"about":[{"href":"https:\/\/tvtecjundiai.com.br\/news\/wp-json\/wp\/v2\/types\/post"}],"author":[{"embeddable":true,"href":"https:\/\/tvtecjundiai.com.br\/news\/wp-json\/wp\/v2\/users\/18"}],"replies":[{"embeddable":true,"href":"https:\/\/tvtecjundiai.com.br\/news\/wp-json\/wp\/v2\/comments?post=63273"}],"version-history":[{"count":2,"href":"https:\/\/tvtecjundiai.com.br\/news\/wp-json\/wp\/v2\/posts\/63273\/revisions"}],"predecessor-version":[{"id":63289,"href":"https:\/\/tvtecjundiai.com.br\/news\/wp-json\/wp\/v2\/posts\/63273\/revisions\/63289"}],"wp:featuredmedia":[{"embeddable":true,"href":"https:\/\/tvtecjundiai.com.br\/news\/wp-json\/wp\/v2\/media\/63275"}],"wp:attachment":[{"href":"https:\/\/tvtecjundiai.com.br\/news\/wp-json\/wp\/v2\/media?parent=63273"}],"wp:term":[{"taxonomy":"category","embeddable":true,"href":"https:\/\/tvtecjundiai.com.br\/news\/wp-json\/wp\/v2\/categories?post=63273"},{"taxonomy":"post_tag","embeddable":true,"href":"https:\/\/tvtecjundiai.com.br\/news\/wp-json\/wp\/v2\/tags?post=63273"}],"curies":[{"name":"wp","href":"https:\/\/api.w.org\/{rel}","templated":true}]}}