{"id":63334,"date":"2020-07-30T09:08:46","date_gmt":"2020-07-30T12:08:46","guid":{"rendered":"https:\/\/tvtecjundiai.com.br\/news\/?p=63334"},"modified":"2020-07-30T10:55:03","modified_gmt":"2020-07-30T13:55:03","slug":"gratidao-de-familiares-estimula-profissionais-da-saude","status":"publish","type":"post","link":"https:\/\/tvtecjundiai.com.br\/news\/2020\/07\/30\/gratidao-de-familiares-estimula-profissionais-da-saude\/","title":{"rendered":"Gratid\u00e3o de familiares estimula profissionais da sa\u00fade"},"content":{"rendered":"<p>Era s\u00f3 mais um plant\u00e3o quando os profissionais da enfermagem que atuam no Hospital de Caridade S\u00e3o Vicente de Paulo (HSV) receberam uma surpresa emocionante dos familiares de um paciente. Ap\u00f3s o \u00f3bito do paciente Francisco Fernandes Sedano, de 72 anos, decorrente da Covid-19, sua sobrinha compareceu ao hospital para homenagear e agradecer o carinho e a dedica\u00e7\u00e3o com a qual a equipe cuidou do enfermo. Com bolos e cartas, Karen Arantes expressou toda a gratid\u00e3o da fam\u00edlia pela institui\u00e7\u00e3o.<\/p>\n<div id=\"attachment_63382\" style=\"width: 460px\" class=\"wp-caption alignright\"><a href=\"https:\/\/tvtecjundiai.com.br\/news\/wp-content\/uploads\/sites\/2\/2020\/07\/image007.jpg\"><img loading=\"lazy\" decoding=\"async\" aria-describedby=\"caption-attachment-63382\" class=\"wp-image-63382\" src=\"https:\/\/tvtecjundiai.com.br\/news\/wp-content\/uploads\/sites\/2\/2020\/07\/image007-300x169.jpg\" alt=\"\" width=\"450\" height=\"253\" srcset=\"https:\/\/tvtecjundiai.com.br\/news\/wp-content\/uploads\/sites\/2\/2020\/07\/image007-300x169.jpg 300w, https:\/\/tvtecjundiai.com.br\/news\/wp-content\/uploads\/sites\/2\/2020\/07\/image007.jpg 448w\" sizes=\"auto, (max-width: 450px) 100vw, 450px\" \/><\/a><p id=\"caption-attachment-63382\" class=\"wp-caption-text\">Com bolos e cartas, familiares agradecem os profissionais da sa\u00fade pelo carinho e dedica\u00e7\u00e3o com os pacientes<\/p><\/div>\n<p>\u201cMeu tio era uma pessoa alegre, divertida, forte e que far\u00e1 muita falta para n\u00f3s. O anivers\u00e1rio dele seria no dia 26 de julho, e todo ano eu fazia esse bolo de chocolate, que era o preferido dele, ent\u00e3o achei que o mais importante seria levar o doce para as equipes, j\u00e1 que fizeram tanto por ele. \u00c9 um momento muito dif\u00edcil, tamb\u00e9m perdi minha av\u00f3 h\u00e1 pouco tempo para o Coronav\u00edrus e por conta disso tamb\u00e9m penso muito nesses profissionais, que possuem uma fam\u00edlia que tamb\u00e9m se preocupam com eles. S\u00e3o pessoas que se sacrificam por n\u00f3s todos os dias. Fiz de cora\u00e7\u00e3o, desejo muita sorte e coragem para todos do hospital\u201d, disse Karen.<\/p>\n<p>A homenagem contemplou as equipes das cl\u00ednicas direcionadas as interna\u00e7\u00f5es por Covid-19, nas quais o paciente Francisco passou. A carta entregue foi assinada pela irm\u00e3 do paciente, S\u00edlvia Fernandes Sedano. A enfermeira Alessandra Lopes Pereira ficou emocionada e agradeceu em nome de todos os profissionais da cl\u00ednica na qual atua. \u201cFicamos felizes e gratos, mesmo sendo em meio \u00e0 tristeza de ter perdido o Francisco, elas ainda se lembraram de n\u00f3s, mandando esse bolo lindo\u201d.<\/p>\n<p>A enfermeira e amiga da fam\u00edlia, Priscila Tayar, conta que ajudou a organizar a homenagem. \u201cO profissional de enfermagem, neste momento, delicado tem desenvolvido um trabalho humanizado, respons\u00e1vel e de qualidade. L\u00f3gico que para ele se concretizar \u00e9 necess\u00e1rio muito esfor\u00e7o e dedica\u00e7\u00e3o da parte de todos os envolvidos, uma homenagem como essa s\u00f3 reafirma nossas esperan\u00e7as de que estamos fazendo um bom trabalho e estimula nosso prop\u00f3sito dentro desta miss\u00e3o no dia a dia que \u00e9 cuidar do pr\u00f3ximo\u201d.<\/p>\n<p>Outra carta repleta de elogios foi enviada por um familiar por meio das redes sociais do hospital. A paciente Maria Madalena Casamassa, de 71 anos, tamb\u00e9m evoluiu para \u00f3bito ap\u00f3s enfrentar a Covid-19. O filho, Fernando Casamassa, fez quest\u00e3o de compartilhar toda a admira\u00e7\u00e3o que sente pelos profissionais na linha de frente.<\/p>\n<p>\u201cVoc\u00eas foram verdadeiros anjos e sei que fizeram o melhor para ela. Agrade\u00e7o toda a equipe m\u00e9dica e de enfermagem. Obrigada Dra. Raquel, por cuidar dela na UTI, ao Dr. Leonardo, Dr. Diego, Dr. Djalma, Dra. Elo\u00edsa e a psic\u00f3loga Nayara, que nos deixou falar com ela por chamada de v\u00eddeo. Mesmo ela estando desacordada, tenho certeza que ela nos ouviu, foi a nossa despedida\u201d, diz parte do depoimento emocionado.<\/p>\n<p><em>(Fonte\/ Imagens: Assessoria de Imprensa HSV)<\/em><\/p>\n","protected":false},"excerpt":{"rendered":"<p>Carinho dos familiares emociona profissionais da linha de frente<\/p>\n","protected":false},"author":18,"featured_media":63380,"comment_status":"closed","ping_status":"closed","sticky":false,"template":"","format":"standard","meta":{"footnotes":""},"categories":[29,1,2839],"tags":[7775,6242,2204],"class_list":["post-63334","post","type-post","status-publish","format-standard","has-post-thumbnail","hentry","category-destaque","category-noticias","category-saude","tag-agradecimento","tag-coronavirus","tag-hsv"],"_links":{"self":[{"href":"https:\/\/tvtecjundiai.com.br\/news\/wp-json\/wp\/v2\/posts\/63334","targetHints":{"allow":["GET"]}}],"collection":[{"href":"https:\/\/tvtecjundiai.com.br\/news\/wp-json\/wp\/v2\/posts"}],"about":[{"href":"https:\/\/tvtecjundiai.com.br\/news\/wp-json\/wp\/v2\/types\/post"}],"author":[{"embeddable":true,"href":"https:\/\/tvtecjundiai.com.br\/news\/wp-json\/wp\/v2\/users\/18"}],"replies":[{"embeddable":true,"href":"https:\/\/tvtecjundiai.com.br\/news\/wp-json\/wp\/v2\/comments?post=63334"}],"version-history":[{"count":4,"href":"https:\/\/tvtecjundiai.com.br\/news\/wp-json\/wp\/v2\/posts\/63334\/revisions"}],"predecessor-version":[{"id":63383,"href":"https:\/\/tvtecjundiai.com.br\/news\/wp-json\/wp\/v2\/posts\/63334\/revisions\/63383"}],"wp:featuredmedia":[{"embeddable":true,"href":"https:\/\/tvtecjundiai.com.br\/news\/wp-json\/wp\/v2\/media\/63380"}],"wp:attachment":[{"href":"https:\/\/tvtecjundiai.com.br\/news\/wp-json\/wp\/v2\/media?parent=63334"}],"wp:term":[{"taxonomy":"category","embeddable":true,"href":"https:\/\/tvtecjundiai.com.br\/news\/wp-json\/wp\/v2\/categories?post=63334"},{"taxonomy":"post_tag","embeddable":true,"href":"https:\/\/tvtecjundiai.com.br\/news\/wp-json\/wp\/v2\/tags?post=63334"}],"curies":[{"name":"wp","href":"https:\/\/api.w.org\/{rel}","templated":true}]}}