{"id":63373,"date":"2020-07-30T11:53:38","date_gmt":"2020-07-30T14:53:38","guid":{"rendered":"https:\/\/tvtecjundiai.com.br\/news\/?p=63373"},"modified":"2020-07-30T11:56:28","modified_gmt":"2020-07-30T14:56:28","slug":"cerimonia-de-premiacao-do-emmy-2020-sera-virtual","status":"publish","type":"post","link":"https:\/\/tvtecjundiai.com.br\/news\/2020\/07\/30\/cerimonia-de-premiacao-do-emmy-2020-sera-virtual\/","title":{"rendered":"Cerim\u00f4nia de premia\u00e7\u00e3o do Emmy 2020 ser\u00e1 virtual"},"content":{"rendered":"<div class=\"mc-column content-text active-extra-styles \" data-block-type=\"unstyled\" data-block-weight=\"22\" data-block-id=\"2\">\n<div id=\"attachment_63407\" style=\"width: 378px\" class=\"wp-caption alignright\"><a href=\"https:\/\/tvtecjundiai.com.br\/news\/wp-content\/uploads\/sites\/2\/2020\/07\/emmy2020.jpg\"><img loading=\"lazy\" decoding=\"async\" aria-describedby=\"caption-attachment-63407\" class=\"wp-image-63407\" src=\"https:\/\/tvtecjundiai.com.br\/news\/wp-content\/uploads\/sites\/2\/2020\/07\/emmy2020-300x176.jpg\" alt=\"\" width=\"368\" height=\"216\" srcset=\"https:\/\/tvtecjundiai.com.br\/news\/wp-content\/uploads\/sites\/2\/2020\/07\/emmy2020-300x176.jpg 300w, https:\/\/tvtecjundiai.com.br\/news\/wp-content\/uploads\/sites\/2\/2020\/07\/emmy2020-768x451.jpg 768w, https:\/\/tvtecjundiai.com.br\/news\/wp-content\/uploads\/sites\/2\/2020\/07\/emmy2020.jpg 984w\" sizes=\"auto, (max-width: 368px) 100vw, 368px\" \/><\/a><p id=\"caption-attachment-63407\" class=\"wp-caption-text\">A 72\u00aa edi\u00e7\u00e3o do evento acontece no dia 20 de setembro<\/p><\/div>\n<p class=\"content-text__container \" data-track-category=\"Link no Texto\" data-track-links=\"\">A 72\u00b0 edi\u00e7\u00e3o do Emmy, a mais importante premia\u00e7\u00e3o da TV americana, ser\u00e1 totalmente virtual devido \u00e0 pandemia de Covid-19. Os organizadores do evento, previsto para 20 de setembro, enviaram uma carta ontem (29) a todos os candidatos selecionados, cuja lista foi publicada na ter\u00e7a-feira (28),\u00a0para inform\u00e1-los que a festa em Los Angeles n\u00e3o ser\u00e1 celebrada este ano.<\/p>\n<div class=\"mc-column content-text active-extra-styles \" data-block-type=\"unstyled\" data-block-weight=\"24\" data-block-id=\"5\">\n<p class=\"content-text__container \" data-track-category=\"Link no Texto\" data-track-links=\"\">N\u00e3o \u00e9 uma surpresa, levando-se em conta a atual crise sanit\u00e1ria, os organizadores do evento ainda n\u00e3o tinham tomado uma decis\u00e3o a respeito. &#8220;Como provavelmente adivinharam, n\u00e3o vamos pedir-lhes para ir ao Microsoft Theatre, no centro de Los Angeles, em 20 de setembro. Este ano, ser\u00e1 uma vez mais a maior noite da ind\u00fastria televisiva&#8230; Mas n\u00f3s iremos at\u00e9 voc\u00eas&#8221;, explica a carta.<\/p>\n<\/div>\n<div class=\"mc-column content-text active-extra-styles \" data-block-type=\"unstyled\" data-block-weight=\"43\" data-block-id=\"6\">\n<p data-track-category=\"Link no Texto\" data-track-links=\"\">&#8220;Estamos reunindo uma equipe de t\u00e9cnicos, produtores e autores de primeira ordem para (&#8230;) irem film\u00e1-los em casa ou no lugar de sua escolha&#8221;, diz a carta, assinada pela produ\u00e7\u00e3o e o mestre de cerim\u00f4nias, o humorista Jimmy Kimmel.<\/p>\n<p data-track-category=\"Link no Texto\" data-track-links=\"\"><em>(Fonte: G1\/Foto: Divulga\u00e7\u00e3o)<\/em><\/p>\n<\/div>\n<\/div>\n","protected":false},"excerpt":{"rendered":"<p>A 72\u00aa edi\u00e7\u00e3o do evento ser\u00e1 no dia 20 de setembro <\/p>\n","protected":false},"author":14,"featured_media":63407,"comment_status":"closed","ping_status":"closed","sticky":false,"template":"","format":"standard","meta":{"footnotes":""},"categories":[1],"tags":[360,7780,2422,7781],"class_list":["post-63373","post","type-post","status-publish","format-standard","has-post-thumbnail","hentry","category-noticias","tag-cinema","tag-emmy-2020","tag-filmes","tag-transmissao-online"],"_links":{"self":[{"href":"https:\/\/tvtecjundiai.com.br\/news\/wp-json\/wp\/v2\/posts\/63373","targetHints":{"allow":["GET"]}}],"collection":[{"href":"https:\/\/tvtecjundiai.com.br\/news\/wp-json\/wp\/v2\/posts"}],"about":[{"href":"https:\/\/tvtecjundiai.com.br\/news\/wp-json\/wp\/v2\/types\/post"}],"author":[{"embeddable":true,"href":"https:\/\/tvtecjundiai.com.br\/news\/wp-json\/wp\/v2\/users\/14"}],"replies":[{"embeddable":true,"href":"https:\/\/tvtecjundiai.com.br\/news\/wp-json\/wp\/v2\/comments?post=63373"}],"version-history":[{"count":2,"href":"https:\/\/tvtecjundiai.com.br\/news\/wp-json\/wp\/v2\/posts\/63373\/revisions"}],"predecessor-version":[{"id":63410,"href":"https:\/\/tvtecjundiai.com.br\/news\/wp-json\/wp\/v2\/posts\/63373\/revisions\/63410"}],"wp:featuredmedia":[{"embeddable":true,"href":"https:\/\/tvtecjundiai.com.br\/news\/wp-json\/wp\/v2\/media\/63407"}],"wp:attachment":[{"href":"https:\/\/tvtecjundiai.com.br\/news\/wp-json\/wp\/v2\/media?parent=63373"}],"wp:term":[{"taxonomy":"category","embeddable":true,"href":"https:\/\/tvtecjundiai.com.br\/news\/wp-json\/wp\/v2\/categories?post=63373"},{"taxonomy":"post_tag","embeddable":true,"href":"https:\/\/tvtecjundiai.com.br\/news\/wp-json\/wp\/v2\/tags?post=63373"}],"curies":[{"name":"wp","href":"https:\/\/api.w.org\/{rel}","templated":true}]}}