{"id":63434,"date":"2020-07-30T15:05:31","date_gmt":"2020-07-30T18:05:31","guid":{"rendered":"https:\/\/tvtecjundiai.com.br\/news\/?p=63434"},"modified":"2020-07-30T15:06:39","modified_gmt":"2020-07-30T18:06:39","slug":"familia-acolhedora-recebe-inscricoes-de-voluntarios-temporarios-em-jundiai","status":"publish","type":"post","link":"https:\/\/tvtecjundiai.com.br\/news\/2020\/07\/30\/familia-acolhedora-recebe-inscricoes-de-voluntarios-temporarios-em-jundiai\/","title":{"rendered":"Fam\u00edlia Acolhedora recebe inscri\u00e7\u00f5es de volunt\u00e1rios tempor\u00e1rios em Jundia\u00ed"},"content":{"rendered":"<div class=\"title\">\n<div class=\"mc-column content-text active-extra-styles \" data-block-type=\"unstyled\" data-block-weight=\"34\" data-block-id=\"2\">\n<p class=\"content-text__container \" data-track-category=\"Link no Texto\" data-track-links=\"\">O programa &#8220;Fam\u00edlia Acolhedora&#8221;, que trata do acolhimento de crian\u00e7as e adolescentes afastados do conv\u00edvio familiar em resid\u00eancias de volunt\u00e1rios, est\u00e1 recebendo inscri\u00e7\u00f5es em Jundia\u00ed (SP). Os interessados podem se cadastrar atrav\u00e9s\u00a0<a href=\"https:\/\/docs.google.com\/forms\/d\/e\/1FAIpQLScKEDckzeeyC32tZQPD-xa9XBhezEvgkNsPzlCNRoC92WKhCA\/viewform\" target=\"_blank\" rel=\"noopener noreferrer\">deste link<\/a>.<\/p>\n<div id=\"attachment_63438\" style=\"width: 358px\" class=\"wp-caption alignright\"><img loading=\"lazy\" decoding=\"async\" aria-describedby=\"caption-attachment-63438\" class=\"wp-image-63438\" src=\"https:\/\/tvtecjundiai.com.br\/news\/wp-content\/uploads\/sites\/2\/2020\/07\/familia-acolhedora-110-1280x854-1-300x200.jpg\" alt=\"\" width=\"348\" height=\"232\" srcset=\"https:\/\/tvtecjundiai.com.br\/news\/wp-content\/uploads\/sites\/2\/2020\/07\/familia-acolhedora-110-1280x854-1-300x200.jpg 300w, https:\/\/tvtecjundiai.com.br\/news\/wp-content\/uploads\/sites\/2\/2020\/07\/familia-acolhedora-110-1280x854-1-768x513.jpg 768w, https:\/\/tvtecjundiai.com.br\/news\/wp-content\/uploads\/sites\/2\/2020\/07\/familia-acolhedora-110-1280x854-1.jpg 984w\" sizes=\"auto, (max-width: 348px) 100vw, 348px\" \/><p id=\"caption-attachment-63438\" class=\"wp-caption-text\">Batizado de &#8220;Travessia&#8221;, o servi\u00e7o \u00e9 voltado a pessoas que n\u00e3o est\u00e3o na fila de ado\u00e7\u00e3o<\/p><\/div>\n<\/div>\n<div class=\"wall protected-content\">\n<div class=\"mc-column content-text active-extra-styles \" data-block-type=\"unstyled\" data-block-weight=\"29\" data-block-id=\"3\">\n<p class=\"content-text__container \" data-track-category=\"Link no Texto\" data-track-links=\"\">Batizado de &#8220;Travessia&#8221;, o servi\u00e7o \u00e9 voltado a pessoas que n\u00e3o est\u00e3o na fila de ado\u00e7\u00e3o e t\u00eam interesse no acolhimento tempor\u00e1rio, sob decis\u00e3o judicial, de at\u00e9 dois anos.<\/p>\n<\/div>\n<div class=\"mc-column content-text active-extra-styles \" data-block-type=\"unstyled\" data-block-weight=\"35\" data-block-id=\"4\">\n<p class=\"content-text__container \" data-track-category=\"Link no Texto\" data-track-links=\"\">Os inscritos devem residir em Jundia\u00ed, ter mais de 21 anos e n\u00e3o possuir pend\u00eancias judiciais, problemas psiqui\u00e1tricos e\/ou depend\u00eancia de subst\u00e2ncias psicoativas. Ap\u00f3s a inscri\u00e7\u00e3o, s\u00e3o realizadas entrevistas, visitas domiciliares e encontros de capacita\u00e7\u00e3o.<\/p>\n<\/div>\n<div class=\"mc-column content-text active-extra-styles \" data-block-type=\"unstyled\" data-block-weight=\"35\" data-block-id=\"5\">\n<p class=\"content-text__container \" data-track-category=\"Link no Texto\" data-track-links=\"\">Podem ser direcionadas para acolhimento provis\u00f3rio desde crian\u00e7as rec\u00e9m-nascidas at\u00e9 adolescentes de at\u00e9 17 anos afastados do seio familiar por determina\u00e7\u00e3o judicial por causas diversas, como neglig\u00eancia, maus-tratos, uso de subst\u00e2ncias psicoativas, viol\u00eancia e abandono.<\/p>\n<\/div>\n<div class=\"mc-column content-text active-extra-styles \" data-block-type=\"unstyled\" data-block-weight=\"30\" data-block-id=\"6\">\n<p class=\"content-text__container \" data-track-category=\"Link no Texto\" data-track-links=\"\">O servi\u00e7o fica na Avenida Doutor Pedro Soares de Camargo, 587, no Anhangaba\u00fa. Mais informa\u00e7\u00f5es podem ser obtidas de segunda a sexta-feira, das 8h \u00e0s 17h, pelo telefone (11) 4521-5550.<\/p>\n<p data-track-category=\"Link no Texto\" data-track-links=\"\"><em>(Fonte: G1. Imagem: Prefeitura de Jundia\u00ed)<\/em><\/p>\n<\/div>\n<\/div>\n<\/div>\n<div class=\"medium-centered subtitle\">\n<h2 class=\"content-head__subtitle\"><\/h2>\n<\/div>\n","protected":false},"excerpt":{"rendered":"<p>Podem ser acolhidos de rec\u00e9m-nascidos at\u00e9 adolescentes de 17 anos<\/p>\n","protected":false},"author":8,"featured_media":63439,"comment_status":"closed","ping_status":"closed","sticky":false,"template":"","format":"standard","meta":{"footnotes":""},"categories":[29,5706,1],"tags":[7785,7786],"class_list":["post-63434","post","type-post","status-publish","format-standard","has-post-thumbnail","hentry","category-destaque","category-inclusao","category-noticias","tag-acolhimento-voluntario","tag-familia-acolhedora"],"_links":{"self":[{"href":"https:\/\/tvtecjundiai.com.br\/news\/wp-json\/wp\/v2\/posts\/63434","targetHints":{"allow":["GET"]}}],"collection":[{"href":"https:\/\/tvtecjundiai.com.br\/news\/wp-json\/wp\/v2\/posts"}],"about":[{"href":"https:\/\/tvtecjundiai.com.br\/news\/wp-json\/wp\/v2\/types\/post"}],"author":[{"embeddable":true,"href":"https:\/\/tvtecjundiai.com.br\/news\/wp-json\/wp\/v2\/users\/8"}],"replies":[{"embeddable":true,"href":"https:\/\/tvtecjundiai.com.br\/news\/wp-json\/wp\/v2\/comments?post=63434"}],"version-history":[{"count":2,"href":"https:\/\/tvtecjundiai.com.br\/news\/wp-json\/wp\/v2\/posts\/63434\/revisions"}],"predecessor-version":[{"id":63446,"href":"https:\/\/tvtecjundiai.com.br\/news\/wp-json\/wp\/v2\/posts\/63434\/revisions\/63446"}],"wp:featuredmedia":[{"embeddable":true,"href":"https:\/\/tvtecjundiai.com.br\/news\/wp-json\/wp\/v2\/media\/63439"}],"wp:attachment":[{"href":"https:\/\/tvtecjundiai.com.br\/news\/wp-json\/wp\/v2\/media?parent=63434"}],"wp:term":[{"taxonomy":"category","embeddable":true,"href":"https:\/\/tvtecjundiai.com.br\/news\/wp-json\/wp\/v2\/categories?post=63434"},{"taxonomy":"post_tag","embeddable":true,"href":"https:\/\/tvtecjundiai.com.br\/news\/wp-json\/wp\/v2\/tags?post=63434"}],"curies":[{"name":"wp","href":"https:\/\/api.w.org\/{rel}","templated":true}]}}