{"id":63638,"date":"2020-07-31T16:19:22","date_gmt":"2020-07-31T19:19:22","guid":{"rendered":"https:\/\/tvtecjundiai.com.br\/news\/?p=63638"},"modified":"2020-07-31T18:03:39","modified_gmt":"2020-07-31T21:03:39","slug":"orquestra-realiza-apresentacoes-virtuais-de-musicas-pedidas-pela-populacao","status":"publish","type":"post","link":"https:\/\/tvtecjundiai.com.br\/news\/2020\/07\/31\/orquestra-realiza-apresentacoes-virtuais-de-musicas-pedidas-pela-populacao\/","title":{"rendered":"Orquestra realiza apresenta\u00e7\u00f5es virtuais de m\u00fasicas pedidas pela popula\u00e7\u00e3o"},"content":{"rendered":"<div id=\"attachment_63640\" style=\"width: 325px\" class=\"wp-caption alignleft\"><img loading=\"lazy\" decoding=\"async\" aria-describedby=\"caption-attachment-63640\" class=\" wp-image-63640\" src=\"https:\/\/tvtecjundiai.com.br\/news\/wp-content\/uploads\/sites\/2\/2020\/07\/orquestra_municipal-21-300x200.jpg\" alt=\"\" width=\"315\" height=\"210\" srcset=\"https:\/\/tvtecjundiai.com.br\/news\/wp-content\/uploads\/sites\/2\/2020\/07\/orquestra_municipal-21-300x200.jpg 300w, https:\/\/tvtecjundiai.com.br\/news\/wp-content\/uploads\/sites\/2\/2020\/07\/orquestra_municipal-21-1200x800.jpg 1200w, https:\/\/tvtecjundiai.com.br\/news\/wp-content\/uploads\/sites\/2\/2020\/07\/orquestra_municipal-21-768x512.jpg 768w, https:\/\/tvtecjundiai.com.br\/news\/wp-content\/uploads\/sites\/2\/2020\/07\/orquestra_municipal-21.jpg 1280w\" sizes=\"auto, (max-width: 315px) 100vw, 315px\" \/><p id=\"caption-attachment-63640\" class=\"wp-caption-text\">Pedidos de m\u00fasicas ser\u00e3o analisados e escolhidos contar\u00e3o com performance de um dos m\u00fasicos da Orquestra<\/p><\/div>\n<p>A Orquestra Municipal de Jundia\u00ed (OMJ) realizar\u00e1 no m\u00eas de agosto a a\u00e7\u00e3o especial \u201cR\u00e1dio OMJ\u201d. Assim como era comum nas r\u00e1dios, a popula\u00e7\u00e3o poder\u00e1 sugerir uma can\u00e7\u00e3o e um dos m\u00fasicos da Orquestra ir\u00e1 toc\u00e1-la, direto de sua casa. A a\u00e7\u00e3o \u00e9 mais uma iniciativa da playlist #FiqueemCasaJundia\u00ed para produ\u00e7\u00e3o de conte\u00fados culturais de qualidade pelos corpos art\u00edsticos da Prefeitura para que a popula\u00e7\u00e3o possa assistir durante o isolamento social.<\/p>\n<p>Os pedidos dever\u00e3o ser enviados at\u00e9 o dia 8 de agosto por meio de <a href=\"https:\/\/docs.google.com\/forms\/d\/e\/1FAIpQLSdh7PyCQkImDtM-DLzXJBvs0juYJwQIofCYKvSpyr1fI-ko5A\/viewform\">formul\u00e1rio online<\/a>, com informa\u00e7\u00f5es pessoais, nome da m\u00fasica e, se poss\u00edvel, nome do compositor ou do cantor ou banda que a tornou famosa. Ap\u00f3s an\u00e1lise e sele\u00e7\u00e3o das propostas, aqueles que tiverem seus pedidos atendidos ser\u00e3o comunicados pela Orquestra e dever\u00e3o gravar um v\u00eddeo de apresenta\u00e7\u00e3o pessoal, com o motivo pela sua escolha. O v\u00eddeo poder\u00e1 ser gravado com celular, desde que na horizontal, e ser\u00e1 publicado junto com performance da can\u00e7\u00e3o.<\/p>\n<p>Os v\u00eddeos ser\u00e3o publicados at\u00e9 o final do m\u00eas de agosto nas redes sociais da Orquestra, da Unidade de Gest\u00e3o de Cultura (UGC) e da Prefeitura. Durante o per\u00edodo de isolamento social, a Orquestra tem publicado a s\u00e9rie <a href=\"https:\/\/cultura.jundiai.sp.gov.br\/fiqueemcasa-da-cultura\/corpos-artisticos-da-cultura\/orquestra-municipal-de-jundiai-omj-musica-em-casa\/\">M\u00fasica em Casa<\/a> e o <a href=\"https:\/\/cultura.jundiai.sp.gov.br\/fiqueemcasa-da-cultura\/corpos-artisticos-da-cultura\/concertos-da-orquestra-municipal-de-jundiai-omj-tbt10anos\/\">#tbt10anos<\/a>, com trechos das apresenta\u00e7\u00f5es nos \u00faltimos anos.<\/p>\n<p><em>(Fonte\/Imagem: Prefeitura de Jundia\u00ed)<\/em><\/p>\n","protected":false},"excerpt":{"rendered":"<p>Pedidos devem ser enviados at\u00e9 8 de agosto por meio de formul\u00e1rio online<\/p>\n","protected":false},"author":17,"featured_media":63640,"comment_status":"closed","ping_status":"closed","sticky":false,"template":"","format":"standard","meta":{"footnotes":""},"categories":[2833,3076,1,2824],"tags":[2327,84,306],"class_list":["post-63638","post","type-post","status-publish","format-standard","has-post-thumbnail","hentry","category-cultura","category-entretenimento","category-noticias","category-variedades","tag-apresentacao","tag-cultura","tag-orquestra-municipal-de-jundiai"],"_links":{"self":[{"href":"https:\/\/tvtecjundiai.com.br\/news\/wp-json\/wp\/v2\/posts\/63638","targetHints":{"allow":["GET"]}}],"collection":[{"href":"https:\/\/tvtecjundiai.com.br\/news\/wp-json\/wp\/v2\/posts"}],"about":[{"href":"https:\/\/tvtecjundiai.com.br\/news\/wp-json\/wp\/v2\/types\/post"}],"author":[{"embeddable":true,"href":"https:\/\/tvtecjundiai.com.br\/news\/wp-json\/wp\/v2\/users\/17"}],"replies":[{"embeddable":true,"href":"https:\/\/tvtecjundiai.com.br\/news\/wp-json\/wp\/v2\/comments?post=63638"}],"version-history":[{"count":3,"href":"https:\/\/tvtecjundiai.com.br\/news\/wp-json\/wp\/v2\/posts\/63638\/revisions"}],"predecessor-version":[{"id":63681,"href":"https:\/\/tvtecjundiai.com.br\/news\/wp-json\/wp\/v2\/posts\/63638\/revisions\/63681"}],"wp:featuredmedia":[{"embeddable":true,"href":"https:\/\/tvtecjundiai.com.br\/news\/wp-json\/wp\/v2\/media\/63640"}],"wp:attachment":[{"href":"https:\/\/tvtecjundiai.com.br\/news\/wp-json\/wp\/v2\/media?parent=63638"}],"wp:term":[{"taxonomy":"category","embeddable":true,"href":"https:\/\/tvtecjundiai.com.br\/news\/wp-json\/wp\/v2\/categories?post=63638"},{"taxonomy":"post_tag","embeddable":true,"href":"https:\/\/tvtecjundiai.com.br\/news\/wp-json\/wp\/v2\/tags?post=63638"}],"curies":[{"name":"wp","href":"https:\/\/api.w.org\/{rel}","templated":true}]}}