{"id":63931,"date":"2020-08-03T18:34:02","date_gmt":"2020-08-03T21:34:02","guid":{"rendered":"https:\/\/tvtecjundiai.com.br\/news\/?p=63931"},"modified":"2020-08-03T18:34:02","modified_gmt":"2020-08-03T21:34:02","slug":"videos-de-animais-fazem-parte-de-atividades-educacionais-na-quarentena","status":"publish","type":"post","link":"https:\/\/tvtecjundiai.com.br\/news\/2020\/08\/03\/videos-de-animais-fazem-parte-de-atividades-educacionais-na-quarentena\/","title":{"rendered":"V\u00eddeos de animais fazem parte de atividades educacionais na quarentena"},"content":{"rendered":"<p>Os estudantes das Escolas Municipais de Educa\u00e7\u00e3o B\u00e1sica (EMEBs) da Prefeitura de Jundia\u00ed contam, durante o per\u00edodo de pandemia do Coronav\u00edrus, com tarefas educacionais dispon\u00edveis por plataformas digitais ou entregues diretamente nas escolas. Na tem\u00e1tica Educa\u00e7\u00e3o Ambiental, os estudantes contam com v\u00eddeos gravados na Associa\u00e7\u00e3o Mata Ciliar, \u2013 parceiro para o desenvolvimento das atividades -, para a explica\u00e7\u00e3o sobre os animais silvestres e os cuidados para a preserva\u00e7\u00e3o ao Meio Ambiente.<\/p>\n<div id=\"attachment_63932\" style=\"width: 328px\" class=\"wp-caption alignleft\"><img loading=\"lazy\" decoding=\"async\" aria-describedby=\"caption-attachment-63932\" class=\" wp-image-63932\" src=\"https:\/\/tvtecjundiai.com.br\/news\/wp-content\/uploads\/sites\/2\/2020\/08\/site_mata_ciliar-8-300x200.jpg\" alt=\"\" width=\"318\" height=\"212\" srcset=\"https:\/\/tvtecjundiai.com.br\/news\/wp-content\/uploads\/sites\/2\/2020\/08\/site_mata_ciliar-8-300x200.jpg 300w, https:\/\/tvtecjundiai.com.br\/news\/wp-content\/uploads\/sites\/2\/2020\/08\/site_mata_ciliar-8-1200x800.jpg 1200w, https:\/\/tvtecjundiai.com.br\/news\/wp-content\/uploads\/sites\/2\/2020\/08\/site_mata_ciliar-8-768x512.jpg 768w, https:\/\/tvtecjundiai.com.br\/news\/wp-content\/uploads\/sites\/2\/2020\/08\/site_mata_ciliar-8.jpg 1280w\" sizes=\"auto, (max-width: 318px) 100vw, 318px\" \/><p id=\"caption-attachment-63932\" class=\"wp-caption-text\">V\u00eddeos disponibilizados pela Mata Ciliar est\u00e3o dispon\u00edveis para acesso na plataforma da Educa\u00e7\u00e3o<\/p><\/div>\n<p>Dispon\u00edveis para acesso de toda a popula\u00e7\u00e3o pela Plataforma de Educa\u00e7\u00e3o da Unidade de Gest\u00e3o de Educa\u00e7\u00e3o (UGE), o material tamb\u00e9m faz parte da colet\u00e2nea disponibilizada aos professores como apoio para a elabora\u00e7\u00e3o das tarefas. Desde o in\u00edcio do m\u00eas de maio, o Departamento de Forma\u00e7\u00e3o visando manter a forma\u00e7\u00e3o de todos os educadores da rede municipal, criou uma sala virtual para cada Unidade Escolar, na plataforma Google For Education, onde s\u00e3o inseridos materiais diversos que contribuem para forma\u00e7\u00e3o in loco e subsidiam o planejamento das atividades que s\u00e3o elaboradas pelos professores.<\/p>\n<p>De acordo com a UGE, \u201cAntes da pandemia, as crian\u00e7as visitavam a ONG, conversavam com os t\u00e9cnicos, conheciam os animais e visitavam espa\u00e7os. Agora, adequamos para v\u00eddeos. J\u00e1 tivemos a disponibiliza\u00e7\u00e3o de v\u00eddeos sobre a jaguatirica, lobo-guar\u00e1, tamandu\u00e1 e arara\u201d. O acesso ao material \u00e9 aberto a todos e feito pelo <a href=\"https:\/\/sites.google.com\/educacao.jundiai.sp.gov.br\/rotina-para-a-quarentena-\/p%C3%A1gina-inicial\">portal da Educa\u00e7\u00e3o<\/a> da Prefeitura de Jundia\u00ed, no link \u201cAtividades da Quarentena\u2019, pelo menu \u2018Tarefas Diversificadas\u2019.<\/p>\n<p><em>(Fonte\/Imagem: Prefeitura de Jundia\u00ed)<\/em><\/p>\n","protected":false},"excerpt":{"rendered":"<p>Estudantes contam com v\u00eddeos gravados na Associa\u00e7\u00e3o Mata Ciliar<\/p>\n","protected":false},"author":17,"featured_media":63932,"comment_status":"closed","ping_status":"closed","sticky":false,"template":"","format":"standard","meta":{"footnotes":""},"categories":[5159,2828,3569,1],"tags":[3113,246,6507,5,563],"class_list":["post-63931","post","type-post","status-publish","format-standard","has-post-thumbnail","hentry","category-ciencias","category-educacao","category-meio-ambiente","category-noticias","tag-educacao-ambiental","tag-emeb","tag-isolamento-social","tag-jundiai","tag-meio-ambiente"],"_links":{"self":[{"href":"https:\/\/tvtecjundiai.com.br\/news\/wp-json\/wp\/v2\/posts\/63931","targetHints":{"allow":["GET"]}}],"collection":[{"href":"https:\/\/tvtecjundiai.com.br\/news\/wp-json\/wp\/v2\/posts"}],"about":[{"href":"https:\/\/tvtecjundiai.com.br\/news\/wp-json\/wp\/v2\/types\/post"}],"author":[{"embeddable":true,"href":"https:\/\/tvtecjundiai.com.br\/news\/wp-json\/wp\/v2\/users\/17"}],"replies":[{"embeddable":true,"href":"https:\/\/tvtecjundiai.com.br\/news\/wp-json\/wp\/v2\/comments?post=63931"}],"version-history":[{"count":2,"href":"https:\/\/tvtecjundiai.com.br\/news\/wp-json\/wp\/v2\/posts\/63931\/revisions"}],"predecessor-version":[{"id":63934,"href":"https:\/\/tvtecjundiai.com.br\/news\/wp-json\/wp\/v2\/posts\/63931\/revisions\/63934"}],"wp:featuredmedia":[{"embeddable":true,"href":"https:\/\/tvtecjundiai.com.br\/news\/wp-json\/wp\/v2\/media\/63932"}],"wp:attachment":[{"href":"https:\/\/tvtecjundiai.com.br\/news\/wp-json\/wp\/v2\/media?parent=63931"}],"wp:term":[{"taxonomy":"category","embeddable":true,"href":"https:\/\/tvtecjundiai.com.br\/news\/wp-json\/wp\/v2\/categories?post=63931"},{"taxonomy":"post_tag","embeddable":true,"href":"https:\/\/tvtecjundiai.com.br\/news\/wp-json\/wp\/v2\/tags?post=63931"}],"curies":[{"name":"wp","href":"https:\/\/api.w.org\/{rel}","templated":true}]}}