{"id":63944,"date":"2020-08-04T09:01:42","date_gmt":"2020-08-04T12:01:42","guid":{"rendered":"https:\/\/tvtecjundiai.com.br\/news\/?p=63944"},"modified":"2020-08-04T14:28:34","modified_gmt":"2020-08-04T17:28:34","slug":"pessoas-confeccionam-mascaras-com-estampas-de-seus-proprios-rostos","status":"publish","type":"post","link":"https:\/\/tvtecjundiai.com.br\/news\/2020\/08\/04\/pessoas-confeccionam-mascaras-com-estampas-de-seus-proprios-rostos\/","title":{"rendered":"Pessoas confeccionam m\u00e1scaras com estampas de seus pr\u00f3prios rostos"},"content":{"rendered":"<div id=\"attachment_63949\" style=\"width: 445px\" class=\"wp-caption alignright\"><a href=\"https:\/\/tvtecjundiai.com.br\/news\/wp-content\/uploads\/sites\/2\/2020\/08\/Design-sem-nome.png\"><img loading=\"lazy\" decoding=\"async\" aria-describedby=\"caption-attachment-63949\" class=\"wp-image-63949\" src=\"https:\/\/tvtecjundiai.com.br\/news\/wp-content\/uploads\/sites\/2\/2020\/08\/Design-sem-nome-300x169.png\" alt=\"\" width=\"435\" height=\"245\" srcset=\"https:\/\/tvtecjundiai.com.br\/news\/wp-content\/uploads\/sites\/2\/2020\/08\/Design-sem-nome-300x169.png 300w, https:\/\/tvtecjundiai.com.br\/news\/wp-content\/uploads\/sites\/2\/2020\/08\/Design-sem-nome-1200x675.png 1200w, https:\/\/tvtecjundiai.com.br\/news\/wp-content\/uploads\/sites\/2\/2020\/08\/Design-sem-nome-768x432.png 768w, https:\/\/tvtecjundiai.com.br\/news\/wp-content\/uploads\/sites\/2\/2020\/08\/Design-sem-nome.png 1280w\" sizes=\"auto, (max-width: 435px) 100vw, 435px\" \/><\/a><p id=\"caption-attachment-63949\" class=\"wp-caption-text\">Quem desejava passar desapercebido, acabou conseguindo arrancar um monte de risadas<\/p><\/div>\n<p>As m\u00e1scaras se tornaram instrumento fundamental para nossa sa\u00fade e para toda a sociedade nesse momento de pandemia, e por isso s\u00e3o pe\u00e7as fundamentais de nossa vestimenta di\u00e1ria, seja para quem precisa sair de casa ou receber uma entrega, passear com o cachorro ou simplesmente levar o lixo na rua: hoje a m\u00e1scara \u00e9 nossa melhor amiga.<\/p>\n<p><strong>Leia tamb\u00e9m:<\/strong><br \/>\n<a href=\"https:\/\/tvtecjundiai.com.br\/news\/2020\/08\/04\/casal-de-idosos-viraliza-apos-reencontro-emocionante\/\" target=\"_blank\" rel=\"noopener noreferrer\"><strong>Casal de idosos viraliza ap\u00f3s reencontro emocionante<\/strong><\/a><\/p>\n<p>Por isso, muita gente procurou pe\u00e7as com estampas interessantes, bonitas, surpreendentes \u2013 e algumas pessoas foram al\u00e9m e mandaram estampar a parte inferior dos pr\u00f3prios rostos em suas m\u00e1scaras.<\/p>\n<p>Em muitos casos, a propor\u00e7\u00e3o exata do rosto n\u00e3o foi exatamente respeitada na hora de se estampar a imagem sobre a m\u00e1scara, causando assim um efeito c\u00f4mico infal\u00edvel. Quem desejava passar desapercebido ou mesmo utilizar o identificador facial em seus aparelhos, acabou conseguindo arrancar um monte de risadas. Seja como for, mais importante do que a estampa \u00e9 a pr\u00f3pria seguran\u00e7a e, por isso, a m\u00e1scara \u2013 lisa, estampada, s\u00e9ria ou c\u00f4mica \u2013 \u00e9 fundamental.<\/p>\n<div><\/div>\n<div><em>(Fonte: Hypeness\/Foto: Reprodu\u00e7\u00e3o)<\/em><\/div>\n","protected":false},"excerpt":{"rendered":"<p>Quem desejava passar desapercebido, acabou conseguindo arrancar um monte de risadas<\/p>\n","protected":false},"author":14,"featured_media":63950,"comment_status":"closed","ping_status":"closed","sticky":false,"template":"","format":"standard","meta":{"footnotes":""},"categories":[1,2824],"tags":[6242,6512,6497,6511],"class_list":["post-63944","post","type-post","status-publish","format-standard","has-post-thumbnail","hentry","category-noticias","category-variedades","tag-coronavirus","tag-covid-19","tag-mascaras","tag-pandemia"],"_links":{"self":[{"href":"https:\/\/tvtecjundiai.com.br\/news\/wp-json\/wp\/v2\/posts\/63944","targetHints":{"allow":["GET"]}}],"collection":[{"href":"https:\/\/tvtecjundiai.com.br\/news\/wp-json\/wp\/v2\/posts"}],"about":[{"href":"https:\/\/tvtecjundiai.com.br\/news\/wp-json\/wp\/v2\/types\/post"}],"author":[{"embeddable":true,"href":"https:\/\/tvtecjundiai.com.br\/news\/wp-json\/wp\/v2\/users\/14"}],"replies":[{"embeddable":true,"href":"https:\/\/tvtecjundiai.com.br\/news\/wp-json\/wp\/v2\/comments?post=63944"}],"version-history":[{"count":7,"href":"https:\/\/tvtecjundiai.com.br\/news\/wp-json\/wp\/v2\/posts\/63944\/revisions"}],"predecessor-version":[{"id":64012,"href":"https:\/\/tvtecjundiai.com.br\/news\/wp-json\/wp\/v2\/posts\/63944\/revisions\/64012"}],"wp:featuredmedia":[{"embeddable":true,"href":"https:\/\/tvtecjundiai.com.br\/news\/wp-json\/wp\/v2\/media\/63950"}],"wp:attachment":[{"href":"https:\/\/tvtecjundiai.com.br\/news\/wp-json\/wp\/v2\/media?parent=63944"}],"wp:term":[{"taxonomy":"category","embeddable":true,"href":"https:\/\/tvtecjundiai.com.br\/news\/wp-json\/wp\/v2\/categories?post=63944"},{"taxonomy":"post_tag","embeddable":true,"href":"https:\/\/tvtecjundiai.com.br\/news\/wp-json\/wp\/v2\/tags?post=63944"}],"curies":[{"name":"wp","href":"https:\/\/api.w.org\/{rel}","templated":true}]}}