{"id":63985,"date":"2020-08-04T12:13:52","date_gmt":"2020-08-04T15:13:52","guid":{"rendered":"https:\/\/tvtecjundiai.com.br\/news\/?p=63985"},"modified":"2020-08-04T14:24:30","modified_gmt":"2020-08-04T17:24:30","slug":"ambulatorio-de-ortopedia-do-hsv-comemora-um-ano-com-aumento-na-produtividade","status":"publish","type":"post","link":"https:\/\/tvtecjundiai.com.br\/news\/2020\/08\/04\/ambulatorio-de-ortopedia-do-hsv-comemora-um-ano-com-aumento-na-produtividade\/","title":{"rendered":"Ambulat\u00f3rio de Ortopedia do HSV comemora um ano com aumento na produtividade"},"content":{"rendered":"<p>Em julho de 2020 a nova estrutura do Ambulat\u00f3rio de Ortopedia do Hospital de Caridade S\u00e3o Vicente de Paulo (HSV) completou um ano de atividades. Desde sua implanta\u00e7\u00e3o, quando passou a funcionar de forma independente ao Pronto Socorro de Ortopedia, o n\u00famero de atendimentos cresceu cerca 27,5%. Em compara\u00e7\u00e3o ao primeiro trimestre do ano passado, o n\u00famero de atendimento ao m\u00eas saltou de 1.530 para 1.940.<\/p>\n<div id=\"attachment_63991\" style=\"width: 310px\" class=\"wp-caption alignright\"><a href=\"https:\/\/tvtecjundiai.com.br\/news\/wp-content\/uploads\/sites\/2\/2020\/08\/apos-a-melhoria-entrada-do-ambulatorio-ficou-independente-do-pronto-socorro-de-ortopedia-1.jpg\"><img loading=\"lazy\" decoding=\"async\" aria-describedby=\"caption-attachment-63991\" class=\"wp-image-63991 size-medium\" src=\"https:\/\/tvtecjundiai.com.br\/news\/wp-content\/uploads\/sites\/2\/2020\/08\/apos-a-melhoria-entrada-do-ambulatorio-ficou-independente-do-pronto-socorro-de-ortopedia-1-300x220.jpg\" alt=\"\" width=\"300\" height=\"220\" srcset=\"https:\/\/tvtecjundiai.com.br\/news\/wp-content\/uploads\/sites\/2\/2020\/08\/apos-a-melhoria-entrada-do-ambulatorio-ficou-independente-do-pronto-socorro-de-ortopedia-1-300x220.jpg 300w, https:\/\/tvtecjundiai.com.br\/news\/wp-content\/uploads\/sites\/2\/2020\/08\/apos-a-melhoria-entrada-do-ambulatorio-ficou-independente-do-pronto-socorro-de-ortopedia-1-1200x880.jpg 1200w, https:\/\/tvtecjundiai.com.br\/news\/wp-content\/uploads\/sites\/2\/2020\/08\/apos-a-melhoria-entrada-do-ambulatorio-ficou-independente-do-pronto-socorro-de-ortopedia-1-768x563.jpg 768w, https:\/\/tvtecjundiai.com.br\/news\/wp-content\/uploads\/sites\/2\/2020\/08\/apos-a-melhoria-entrada-do-ambulatorio-ficou-independente-do-pronto-socorro-de-ortopedia-1.jpg 1280w\" sizes=\"auto, (max-width: 300px) 100vw, 300px\" \/><\/a><p id=\"caption-attachment-63991\" class=\"wp-caption-text\">Ap\u00f3s a melhoria, entrada do Ambulat\u00f3rio ficou independente do Pronto Socorro de Ortopedia<\/p><\/div>\n<p>No segundo trimestre deste ano, o n\u00famero de atendimentos sofreu leve impacto devido \u00e0 pandemia, que exigiu a redu\u00e7\u00e3o das cirurgias eletivas. Mesmo assim, de julho de 2019 a julho de 2020 foram 20.882 atendimentos, 300 a mais que no ano anterior.<\/p>\n<p>O Ambulat\u00f3rio de Ortopedia \u00e9 respons\u00e1vel pela avalia\u00e7\u00e3o dos pacientes, indica\u00e7\u00e3o de tratamento e acompanhamento pr\u00e9 e p\u00f3s-cir\u00fargico. \u201cOs curativos dos retornos cir\u00fargicos do ambulat\u00f3rio s\u00e3o realizados simultaneamente ao atendimento m\u00e9dico nesta nova \u00e1rea, diminuindo o tempo de espera dos pacientes\u201d, destaca o m\u00e9dico coordenador do departamento de Ortopedia do HSV, Dr. Marcelo de Azevedo Munhoz.<\/p>\n<p>O HSV \u00e9 referenciado no atendimento de ortopedia para Jundia\u00ed e regi\u00e3o, totalizando cerca de 900 mil habitantes. A especialidade \u00e9 a que tem maior demanda em cirurgias para o hospital. No ano passado foram realizados 2.638 procedimentos cir\u00fargicos de urg\u00eancia e eletivos na \u00e1rea. O servi\u00e7o tem a aprova\u00e7\u00e3o da popula\u00e7\u00e3o. Recentemente, foi realizada uma pesquisa de satisfa\u00e7\u00e3o com os usu\u00e1rios do servi\u00e7o. A meta era chegar em 85% de satisfa\u00e7\u00e3o e o resultado superou todas as expectativas e chegou a 96%.<\/p>\n<div id=\"attachment_63988\" style=\"width: 282px\" class=\"wp-caption alignleft\"><a href=\"https:\/\/tvtecjundiai.com.br\/news\/wp-content\/uploads\/sites\/2\/2020\/08\/edna-e-a-mae-ormezinda-aprovam-a-nova-estrutura-do-ambulatorio-de-ortopedia.jpg\"><img loading=\"lazy\" decoding=\"async\" aria-describedby=\"caption-attachment-63988\" class=\"wp-image-63988\" src=\"https:\/\/tvtecjundiai.com.br\/news\/wp-content\/uploads\/sites\/2\/2020\/08\/edna-e-a-mae-ormezinda-aprovam-a-nova-estrutura-do-ambulatorio-de-ortopedia-300x254.jpg\" alt=\"\" width=\"272\" height=\"230\" srcset=\"https:\/\/tvtecjundiai.com.br\/news\/wp-content\/uploads\/sites\/2\/2020\/08\/edna-e-a-mae-ormezinda-aprovam-a-nova-estrutura-do-ambulatorio-de-ortopedia-300x254.jpg 300w, https:\/\/tvtecjundiai.com.br\/news\/wp-content\/uploads\/sites\/2\/2020\/08\/edna-e-a-mae-ormezinda-aprovam-a-nova-estrutura-do-ambulatorio-de-ortopedia-1133x960.jpg 1133w, https:\/\/tvtecjundiai.com.br\/news\/wp-content\/uploads\/sites\/2\/2020\/08\/edna-e-a-mae-ormezinda-aprovam-a-nova-estrutura-do-ambulatorio-de-ortopedia-768x651.jpg 768w, https:\/\/tvtecjundiai.com.br\/news\/wp-content\/uploads\/sites\/2\/2020\/08\/edna-e-a-mae-ormezinda-aprovam-a-nova-estrutura-do-ambulatorio-de-ortopedia.jpg 1280w\" sizes=\"auto, (max-width: 272px) 100vw, 272px\" \/><\/a><p id=\"caption-attachment-63988\" class=\"wp-caption-text\">Edna e a m\u00e3e Ormezinda aprovam a nova estrutura do Ambulat\u00f3rio de Ortopedia<\/p><\/div>\n<p>Ormezinda Maria Ferreira, 83 anos, realizou duas cirurgias no quadril nos \u00faltimos tr\u00eas anos. \u201cPelo menos uma vez ao m\u00eas estamos aqui para fazer o acompanhamento, passar pelo m\u00e9dico, fazer exames e reavalia\u00e7\u00e3o\u201d, explica a filha, Edna Ziviani, 53 anos, t\u00e9cnica em polissonografia. Ambas conhecem bem a estrutura anterior e a nova. \u201cA separa\u00e7\u00e3o do espa\u00e7o ficou bem melhor, n\u00e3o tem tumulto, n\u00e3o h\u00e1 demora no atendimento e est\u00e1 mais organizado. No outro espa\u00e7o, muitas vezes devido ao grande fluxo de pessoas, n\u00e3o dava nem pra movimentar a maca\u201d, relata a paciente.<\/p>\n<p><em>(Fonte\/Imagem: Assessoria de Imprensa &#8211; HSV)<\/em><\/p>\n","protected":false},"excerpt":{"rendered":"<p>N\u00famero de atendimentos cresceu cerca 27,5% em um ano<\/p>\n","protected":false},"author":17,"featured_media":63991,"comment_status":"closed","ping_status":"closed","sticky":false,"template":"","format":"standard","meta":{"footnotes":""},"categories":[1,2839],"tags":[7836,1512,7779],"class_list":["post-63985","post","type-post","status-publish","format-standard","has-post-thumbnail","hentry","category-noticias","category-saude","tag-ambulatorio","tag-hospital-sao-vicente","tag-ortopedia"],"_links":{"self":[{"href":"https:\/\/tvtecjundiai.com.br\/news\/wp-json\/wp\/v2\/posts\/63985","targetHints":{"allow":["GET"]}}],"collection":[{"href":"https:\/\/tvtecjundiai.com.br\/news\/wp-json\/wp\/v2\/posts"}],"about":[{"href":"https:\/\/tvtecjundiai.com.br\/news\/wp-json\/wp\/v2\/types\/post"}],"author":[{"embeddable":true,"href":"https:\/\/tvtecjundiai.com.br\/news\/wp-json\/wp\/v2\/users\/17"}],"replies":[{"embeddable":true,"href":"https:\/\/tvtecjundiai.com.br\/news\/wp-json\/wp\/v2\/comments?post=63985"}],"version-history":[{"count":6,"href":"https:\/\/tvtecjundiai.com.br\/news\/wp-json\/wp\/v2\/posts\/63985\/revisions"}],"predecessor-version":[{"id":64008,"href":"https:\/\/tvtecjundiai.com.br\/news\/wp-json\/wp\/v2\/posts\/63985\/revisions\/64008"}],"wp:featuredmedia":[{"embeddable":true,"href":"https:\/\/tvtecjundiai.com.br\/news\/wp-json\/wp\/v2\/media\/63991"}],"wp:attachment":[{"href":"https:\/\/tvtecjundiai.com.br\/news\/wp-json\/wp\/v2\/media?parent=63985"}],"wp:term":[{"taxonomy":"category","embeddable":true,"href":"https:\/\/tvtecjundiai.com.br\/news\/wp-json\/wp\/v2\/categories?post=63985"},{"taxonomy":"post_tag","embeddable":true,"href":"https:\/\/tvtecjundiai.com.br\/news\/wp-json\/wp\/v2\/tags?post=63985"}],"curies":[{"name":"wp","href":"https:\/\/api.w.org\/{rel}","templated":true}]}}