{"id":64045,"date":"2020-08-04T15:39:13","date_gmt":"2020-08-04T18:39:13","guid":{"rendered":"https:\/\/tvtecjundiai.com.br\/news\/?p=64045"},"modified":"2020-08-04T15:39:13","modified_gmt":"2020-08-04T18:39:13","slug":"sol-da-meia-noite-novo-livro-da-saga-crepusculo-e-lancado-nesta-terca","status":"publish","type":"post","link":"https:\/\/tvtecjundiai.com.br\/news\/2020\/08\/04\/sol-da-meia-noite-novo-livro-da-saga-crepusculo-e-lancado-nesta-terca\/","title":{"rendered":"&#8216;Sol da meia-noite&#8217;, novo livro da saga &#8216;Crep\u00fasculo&#8217;, \u00e9 lan\u00e7ado nesta ter\u00e7a"},"content":{"rendered":"<div class=\"mc-column content-text active-extra-styles \" data-block-type=\"unstyled\" data-block-weight=\"33\" data-block-id=\"2\">\n<div id=\"attachment_64049\" style=\"width: 264px\" class=\"wp-caption alignright\"><a href=\"https:\/\/tvtecjundiai.com.br\/news\/wp-content\/uploads\/sites\/2\/2020\/08\/sol-da-meia-noit.jpeg\"><img loading=\"lazy\" decoding=\"async\" aria-describedby=\"caption-attachment-64049\" class=\"wp-image-64049\" src=\"https:\/\/tvtecjundiai.com.br\/news\/wp-content\/uploads\/sites\/2\/2020\/08\/sol-da-meia-noit-300x446.jpeg\" alt=\"\" width=\"254\" height=\"377\" srcset=\"https:\/\/tvtecjundiai.com.br\/news\/wp-content\/uploads\/sites\/2\/2020\/08\/sol-da-meia-noit-300x446.jpeg 300w, https:\/\/tvtecjundiai.com.br\/news\/wp-content\/uploads\/sites\/2\/2020\/08\/sol-da-meia-noit.jpeg 640w\" sizes=\"auto, (max-width: 254px) 100vw, 254px\" \/><\/a><p id=\"caption-attachment-64049\" class=\"wp-caption-text\">Livro reconstitui hist\u00f3ria da s\u00e9rie pela perspectiva de Edward Cullen<\/p><\/div>\n<p data-track-category=\"Link no Texto\" data-track-links=\"\">\u00a0Mais de uma d\u00e9cada ap\u00f3s sua publica\u00e7\u00e3o, a saga &#8220;Crep\u00fasculo&#8221; ganha mais um livro: &#8220;Sol da meia-noite&#8221;, da autora Stephenie Meyer, chega \u00e0s livrarias de todo o mundo nesta ter\u00e7a (4). A saga, formada por quatro livros, narrava a hist\u00f3ria de amor entre Bella Swan e o vampiro Edward Cullen. A hist\u00f3ria era contada pela protagonista.<\/p>\n<\/div>\n<div class=\"wall protected-content\">\n<div class=\"mc-column content-text active-extra-styles \" data-block-type=\"unstyled\" data-block-weight=\"25\" data-block-id=\"3\">\n<div class=\"mc-column content-text active-extra-styles \" data-block-type=\"unstyled\" data-block-weight=\"35\" data-block-id=\"5\">\n<p class=\"content-text__container \" data-track-category=\"Link no Texto\" data-track-links=\"\">Em &#8220;Sol da meia-noite&#8221;, o encontro e a hist\u00f3ria do casal ser\u00e3o narrados por Edward Cullen. O livro vai contar fatos in\u00e9ditos da rela\u00e7\u00e3o dos dois e sobre a batalha entre os cl\u00e3s de vampiros. &#8220;\u00c9 um momento louco agora e eu n\u00e3o tinha certeza de que esse era o momento certo para publicar este livro, mas alguns de voc\u00eas o aguardam h\u00e1 tanto tempo que n\u00e3o parecia certo fazer voc\u00eas esperarem mais&#8221;, disse Meyer, ao anunciar a data de lan\u00e7amento.<\/p>\n<\/div>\n<div class=\"mc-column content-text active-extra-styles \" data-block-type=\"unstyled\" data-block-weight=\"43\" data-block-id=\"7\">\n<p class=\"content-text__container \" data-track-category=\"Link no Texto\" data-track-links=\"\">A editora Little Brown disse que, pelos olhos de Edward, a hist\u00f3ria assume uma &#8220;nova obscuridade&#8221;. &#8220;Conhecer a misteriosa Bella \u00e9 o evento mais intrigante e enervante que ele experimentou em sua longa vida como vampiro \u201d, afirmou, em comunicado. Com o primeiro livro publicado em 2005, a saga vendeu mais de 100 milh\u00f5es de c\u00f3pias. A adapta\u00e7\u00e3o em cinco filmes, estrelada por Kristen Stewart e Robert Pattinson, arrecadou US$ 3,3 bilh\u00f5es em bilheteria.<\/p>\n<\/div>\n<div class=\"mc-column content-text active-extra-styles \" data-block-type=\"unstyled\" data-block-weight=\"35\" data-block-id=\"8\">\n<div class=\"mc-column entities\"><em>(Fonte: G1\/Foto: Divulga\u00e7\u00e3o)<\/em><\/div>\n<\/div>\n<\/div>\n<\/div>\n","protected":false},"excerpt":{"rendered":"<p>Livro reconstitui hist\u00f3ria da s\u00e9rie pela perspectiva de Edward Cullen<\/p>\n","protected":false},"author":14,"featured_media":64050,"comment_status":"closed","ping_status":"closed","sticky":false,"template":"","format":"standard","meta":{"footnotes":""},"categories":[1],"tags":[360,7840,2140],"class_list":["post-64045","post","type-post","status-publish","format-standard","has-post-thumbnail","hentry","category-noticias","tag-cinema","tag-crepusculo","tag-leitura"],"_links":{"self":[{"href":"https:\/\/tvtecjundiai.com.br\/news\/wp-json\/wp\/v2\/posts\/64045","targetHints":{"allow":["GET"]}}],"collection":[{"href":"https:\/\/tvtecjundiai.com.br\/news\/wp-json\/wp\/v2\/posts"}],"about":[{"href":"https:\/\/tvtecjundiai.com.br\/news\/wp-json\/wp\/v2\/types\/post"}],"author":[{"embeddable":true,"href":"https:\/\/tvtecjundiai.com.br\/news\/wp-json\/wp\/v2\/users\/14"}],"replies":[{"embeddable":true,"href":"https:\/\/tvtecjundiai.com.br\/news\/wp-json\/wp\/v2\/comments?post=64045"}],"version-history":[{"count":2,"href":"https:\/\/tvtecjundiai.com.br\/news\/wp-json\/wp\/v2\/posts\/64045\/revisions"}],"predecessor-version":[{"id":64052,"href":"https:\/\/tvtecjundiai.com.br\/news\/wp-json\/wp\/v2\/posts\/64045\/revisions\/64052"}],"wp:featuredmedia":[{"embeddable":true,"href":"https:\/\/tvtecjundiai.com.br\/news\/wp-json\/wp\/v2\/media\/64050"}],"wp:attachment":[{"href":"https:\/\/tvtecjundiai.com.br\/news\/wp-json\/wp\/v2\/media?parent=64045"}],"wp:term":[{"taxonomy":"category","embeddable":true,"href":"https:\/\/tvtecjundiai.com.br\/news\/wp-json\/wp\/v2\/categories?post=64045"},{"taxonomy":"post_tag","embeddable":true,"href":"https:\/\/tvtecjundiai.com.br\/news\/wp-json\/wp\/v2\/tags?post=64045"}],"curies":[{"name":"wp","href":"https:\/\/api.w.org\/{rel}","templated":true}]}}