{"id":64116,"date":"2020-08-05T09:39:02","date_gmt":"2020-08-05T12:39:02","guid":{"rendered":"https:\/\/tvtecjundiai.com.br\/news\/?p=64116"},"modified":"2020-08-05T14:41:04","modified_gmt":"2020-08-05T17:41:04","slug":"empresas-recrutam-profissionais-de-diversas-areas-para-vagas-de-estagio-e-trainee","status":"publish","type":"post","link":"https:\/\/tvtecjundiai.com.br\/news\/2020\/08\/05\/empresas-recrutam-profissionais-de-diversas-areas-para-vagas-de-estagio-e-trainee\/","title":{"rendered":"Empresas recrutam profissionais de diversas \u00e1reas para vagas de est\u00e1gio e trainee"},"content":{"rendered":"<div id=\"attachment_64120\" style=\"width: 387px\" class=\"wp-caption alignright\"><a href=\"https:\/\/tvtecjundiai.com.br\/news\/wp-content\/uploads\/sites\/2\/2020\/08\/manny-pantoja-P2-4kxFhvCQ-unsplash.jpg\"><img loading=\"lazy\" decoding=\"async\" aria-describedby=\"caption-attachment-64120\" class=\"wp-image-64120\" src=\"https:\/\/tvtecjundiai.com.br\/news\/wp-content\/uploads\/sites\/2\/2020\/08\/manny-pantoja-P2-4kxFhvCQ-unsplash-300x200.jpg\" alt=\"\" width=\"377\" height=\"251\" srcset=\"https:\/\/tvtecjundiai.com.br\/news\/wp-content\/uploads\/sites\/2\/2020\/08\/manny-pantoja-P2-4kxFhvCQ-unsplash-300x200.jpg 300w, https:\/\/tvtecjundiai.com.br\/news\/wp-content\/uploads\/sites\/2\/2020\/08\/manny-pantoja-P2-4kxFhvCQ-unsplash-1200x802.jpg 1200w, https:\/\/tvtecjundiai.com.br\/news\/wp-content\/uploads\/sites\/2\/2020\/08\/manny-pantoja-P2-4kxFhvCQ-unsplash-768x513.jpg 768w, https:\/\/tvtecjundiai.com.br\/news\/wp-content\/uploads\/sites\/2\/2020\/08\/manny-pantoja-P2-4kxFhvCQ-unsplash.jpg 1280w\" sizes=\"auto, (max-width: 377px) 100vw, 377px\" \/><\/a><p id=\"caption-attachment-64120\" class=\"wp-caption-text\">As oportunidades s\u00e3o para centenas de profissionais rec\u00e9m-formados em todo o pa\u00eds<\/p><\/div>\n<p>Em meio \u00e0 maior crise econ\u00f4mica dos \u00faltimos anos, encontrar uma oportunidade profissional n\u00e3o tem sido tarefa f\u00e1cil. Apesar disso, programas de est\u00e1gio e trainees de grandes empresas recrutam profissionais rec\u00e9m-formados, e de diferentes \u00e1reas, em todo o pa\u00eds.<\/p>\n<p><strong><a href=\"https:\/\/www.atsglobe.com\/hotsite\/oportBasf\" target=\"_blank\" rel=\"noopener noreferrer\" data-gtm-event-category=\"catraca-livre:conteudo\" data-gtm-event-action=\"clique:link:basf-estagio\" data-gtm-event-label=\"https:\/\/www.atsglobe.com\/hotsite\/oportBasf\">BASF \u2013 est\u00e1gio\u00a0<\/a><\/strong><\/p>\n<p>S\u00e3o vagas em diversas \u00e1reas e locais para estudantes de Administra\u00e7\u00e3o, Agronomia, Economia e Engenharias com formatura prevista entre dezembro de 2021 e julho de 2022. Eles procuram estudantes com conhecimentos intermedi\u00e1rios de pacote office e o ingl\u00eas \u00e9 desej\u00e1vel.<\/p>\n<p><strong><a href=\"https:\/\/www.atsglobe.com\/hotsite\/Novasoportunidadesb3\" target=\"_blank\" rel=\"noopener noreferrer\" data-gtm-event-category=\"catraca-livre:conteudo\" data-gtm-event-action=\"clique:link:b3-estagio\" data-gtm-event-label=\"https:\/\/www.atsglobe.com\/hotsite\/Novasoportunidadesb3\">B3\u00a0\u2013\u00a0est\u00e1gio\u00a0<\/a><\/strong><\/p>\n<p>Os estudantes de diversos cursos t\u00eam oportunidades nas \u00e1reas jur\u00eddica, intelig\u00eancia de mercado, ger\u00eancia de contas, auditoria interna de tecnologia e relacionamento com clientes.<\/p>\n<p><strong><a href=\"https:\/\/www.amazon.jobs\/en\/jobs\/1191066\/programa-de-tecnologia-aws-tech-u\" target=\"_blank\" rel=\"noopener noreferrer\" data-gtm-event-category=\"catraca-livre:conteudo\" data-gtm-event-action=\"clique:link:amazon-web-services-aws-programa-aws-techu\" data-gtm-event-label=\"https:\/\/www.amazon.jobs\/en\/jobs\/1191066\/programa-de-tecnologia-aws-tech-u\">Amazon Web Services (AWS) \u2013 programa AWS TechU<\/a><\/strong><\/p>\n<p>S\u00e3o 20 vagas para a terceira turma do programa AWS TechU voltadas a rec\u00e9m-formados (entre dezembro de 2018 e dezembro de 2021) nos cursos de Ci\u00eancia da Computa\u00e7\u00e3o, Engenharia da Computa\u00e7\u00e3o ou \u00e1reas correlatas. O programa dura 48 semanas e a contrata\u00e7\u00e3o \u00e9 CLT.<\/p>\n<p><strong><a href=\"https:\/\/www.ensinabrasil.org\/\" target=\"_blank\" rel=\"noopener noreferrer\" data-gtm-event-category=\"catraca-livre:conteudo\" data-gtm-event-action=\"clique:link:ensina-brasil-estagio-e-trainee\" data-gtm-event-label=\"https:\/\/www.ensinabrasil.org\/\">Ensina Brasil \u2013 est\u00e1gio e trainee<\/a><\/strong><\/p>\n<p>O programa de desenvolvimento de lideran\u00e7as aceita candidatos com curso superior completo ou previs\u00e3o de gradua\u00e7\u00e3o at\u00e9 dezembro de 2020. Para quem j\u00e1 concluiu a gradua\u00e7\u00e3o, eles aceitam formados h\u00e1 at\u00e9 10 anos. \u00c9 necess\u00e1rio ter disponibilidade para permanecer por dois anos no programa e mudar de estado.<\/p>\n<p><strong><a href=\"https:\/\/www.mudes.org.br\/\" target=\"_blank\" rel=\"noopener noreferrer\" data-gtm-event-category=\"catraca-livre:conteudo\" data-gtm-event-action=\"clique:link:fundacao-mudes-estagio\" data-gtm-event-label=\"https:\/\/www.mudes.org.br\/\">Funda\u00e7\u00e3o Mudes \u2013 est\u00e1gio<\/a><\/strong><\/p>\n<p>S\u00e3o 196 vagas para estudantes de Administra\u00e7\u00e3o (32), Comunica\u00e7\u00e3o Social (12), Marketing (6), Inform\u00e1tica (6) e Sistemas de Informa\u00e7\u00e3o (5). Ainda h\u00e1 vagas para cursos como Ci\u00eancia da Computa\u00e7\u00e3o, Fisioterapia, Letras, Pedagogia, Recursos Humanos, Turismo, entre outros.\u00a0Sal\u00e1rio de at\u00e9 1.874 reais.<\/p>\n<p><strong><a href=\"https:\/\/www.ciadeestagios.com.br\/vagas\/klabin\/\" target=\"_blank\" rel=\"noopener noreferrer\" data-gtm-event-category=\"catraca-livre:conteudo\" data-gtm-event-action=\"clique:link:klabin-estagio\" data-gtm-event-label=\"https:\/\/www.ciadeestagios.com.br\/vagas\/klabin\/\">Klabin \u2013 est\u00e1gio<\/a><\/strong><br \/>\nO programa n\u00e3o tem restri\u00e7\u00f5es de cursos, idiomas ou de idade. A empresa procura por candidatos matriculados em universidades brasileiras e com renda familiar de at\u00e9 3 sal\u00e1rios m\u00ednimos (obrigat\u00f3rio a comprova\u00e7\u00e3o) ou bolsistas.\u00a0Inscri\u00e7\u00f5es at\u00e9 10 de agosto.<\/p>\n<p><strong><a href=\"https:\/\/www.atsglobe.com\/hotsite\/traineebunge2020?utm_source=emkt&amp;utm_medium=globe&amp;utm_campaign=bunge_trainee_emkt_globe_10072020\" target=\"_blank\" rel=\"noopener noreferrer\" data-gtm-event-category=\"catraca-livre:conteudo\" data-gtm-event-action=\"clique:link:bunge-trainee\" data-gtm-event-label=\"https:\/\/www.atsglobe.com\/hotsite\/traineebunge2020?utm_source=emkt&amp;utm_medium=globe&amp;utm_campaign=bunge_trainee_emkt_globe_10072020\">Bunge \u2013 trainee<\/a><\/strong><\/p>\n<p>Sele\u00e7\u00e3o 100% remota e podem se candidatar rec\u00e9m-formados e profissionais com at\u00e9 tr\u00eas anos de forma\u00e7\u00e3o. Sal\u00e1rio de 6,5 mil reais e benef\u00edcios, como programa de bem-estar e sa\u00fade mental.\u00a0At\u00e9 13 de agosto.<\/p>\n<p><strong><a href=\"https:\/\/99jobs.com\/ll-loyalty\/jobs\/85084-programa-de-estagio-ll-loyalty-2020\" target=\"_blank\" rel=\"noopener noreferrer\" data-gtm-event-category=\"catraca-livre:conteudo\" data-gtm-event-action=\"clique:link:ll-loyalty-estagio\" data-gtm-event-label=\"https:\/\/99jobs.com\/ll-loyalty\/jobs\/85084-programa-de-estagio-ll-loyalty-2020\">LL loyalty \u2013 est\u00e1gio<\/a><\/strong><\/p>\n<p>Vagas para estudantes com forma\u00e7\u00e3o entre julho de 2021 e julho de 2022. Os contratados v\u00e3o come\u00e7ar em home office durante a quarentena. Sal\u00e1rio de at\u00e9 1050,00 reais.Inscri\u00e7\u00f5es at\u00e9 14 de agosto.<\/p>\n<p><strong><a href=\"https:\/\/www.atsglobe.com\/hotsite\/livelo2020\" target=\"_blank\" rel=\"noopener noreferrer\" data-gtm-event-category=\"catraca-livre:conteudo\" data-gtm-event-action=\"clique:link:livelo-estagio\" data-gtm-event-label=\"https:\/\/www.atsglobe.com\/hotsite\/livelo2020\">Livelo \u2013 est\u00e1gio<\/a><\/strong><\/p>\n<p>Oportunidade para estudantes com forma\u00e7\u00e3o prevista entre dezembro de 2021 e julho de 2022 nos cursos de Administra\u00e7\u00e3o, An\u00e1lise e Desenvolvimento de Sistemas, Ci\u00eancia da Computa\u00e7\u00e3o, Ci\u00eancias Econ\u00f4micas, Ci\u00eancias Sociais, Engenharias, Estat\u00edstica, Gest\u00e3o da Tecnologia da Informa\u00e7\u00e3o, Marketing, Psicologia, Publicidade e Propaganda, Redes de Computadores, Rela\u00e7\u00f5es P\u00fablicas, Sistemas de Informa\u00e7\u00e3o, Sistemas para Internet, Tecnologias da Informa\u00e7\u00e3o e Comunica\u00e7\u00e3o. Sal\u00e1rio de at\u00e9 2.100 reais e benef\u00edcios (VA e VR com valor total de mil reais). Inscri\u00e7\u00f5es at\u00e9 18 de agosto.<\/p>\n<p><strong><a href=\"https:\/\/www.99jobs.com\/ipanema-coffees\/jobs\/85815-programa-de-trainee-2020\" target=\"_blank\" rel=\"noopener noreferrer\" data-gtm-event-category=\"catraca-livre:conteudo\" data-gtm-event-action=\"clique:link:ipanema-coffee-trainee\" data-gtm-event-label=\"https:\/\/www.99jobs.com\/ipanema-coffees\/jobs\/85815-programa-de-trainee-2020\">Ipanema Coffee \u2013 trainee<\/a><\/strong><\/p>\n<p>Oportunidade para rec\u00e9m-formados, entre julho de 2018 e julho de 2020, com disponibilidade para residir em Alfenas (MG). \u00c9 necess\u00e1rio ter ingl\u00eas avan\u00e7ado ou fluente e ter cursado Administra\u00e7\u00e3o, Rela\u00e7\u00f5es Internacionais, Engenharia de Produ\u00e7\u00e3o, Engenharia Agron\u00f4mica e correlatos.\u00a0Inscri\u00e7\u00f5es at\u00e9 o dia 21 de agosto.<\/p>\n<p><strong><a href=\"https:\/\/www.atsglobe.com\/hotsite\/traineesantander2021\" target=\"_blank\" rel=\"noopener noreferrer\" data-gtm-event-category=\"catraca-livre:conteudo\" data-gtm-event-action=\"clique:link:santander-trainee\" data-gtm-event-label=\"https:\/\/www.atsglobe.com\/hotsite\/traineesantander2021\">Santander \u2013 trainee<\/a><\/strong><\/p>\n<p>Para profissionais com forma\u00e7\u00e3o entre dezembro de 2018 e de 2020 em qualquer curso de gradua\u00e7\u00e3o. \u00c9 necess\u00e1rio ter disponibilidade para trabalhar e viajar para qualquer estado.\u00a0 Ingl\u00eas avan\u00e7ado e experi\u00eancia profissional anterior s\u00e3o diferenciais. Sal\u00e1rio de 6.700 reais e benef\u00edcios.\u00a0Inscri\u00e7\u00f5es at\u00e9 8 de setembro.<\/p>\n<p><strong><a href=\"https:\/\/traineelojasqueroquero.gupy.io\/\" target=\"_blank\" rel=\"noopener noreferrer\" data-gtm-event-category=\"catraca-livre:conteudo\" data-gtm-event-action=\"clique:link:lojas-quero-quero-trainee\" data-gtm-event-label=\"https:\/\/traineelojasqueroquero.gupy.io\/\">Lojas Quero-Quero \u2013 trainee<\/a><\/strong><\/p>\n<p>Oportunidade para rec\u00e9m-formados, preferencial entre 2018 e 2020 e nos cursos de Engenharia, Economia e Administra\u00e7\u00e3o.\u00a0Inscri\u00e7\u00f5es at\u00e9 20 de setembro.<\/p>\n<p><strong><a href=\"https:\/\/programauniversitario.universia.com.br\/\" target=\"_blank\" rel=\"noopener noreferrer\" data-gtm-event-category=\"catraca-livre:conteudo\" data-gtm-event-action=\"clique:link:programa-universitario-empresas-estagio\" data-gtm-event-label=\"https:\/\/programauniversitario.universia.com.br\/\">Programa Universit\u00e1rio-Empresas \u2013 est\u00e1gio\u00a0<\/a><\/strong><\/p>\n<p>Mil bolsas de est\u00e1gio de 4 horas em empresas clientes em todo o Brasil.\u00a0Inscri\u00e7\u00f5es at\u00e9 4 de outubro.<\/p>\n<p><strong><a href=\"https:\/\/portal.across.jobs\/Programa\/WebCartazDivulgacao?pIdPrograma=SaintGobain_do_Brasil-196\" target=\"_blank\" rel=\"noopener noreferrer\" data-gtm-event-category=\"catraca-livre:conteudo\" data-gtm-event-action=\"clique:link:saint-gobain-estagio\" data-gtm-event-label=\"https:\/\/portal.across.jobs\/Programa\/WebCartazDivulgacao?pIdPrograma=SaintGobain_do_Brasil-196\">Saint-Gobain\u00a0\u2013\u00a0est\u00e1gio\u00a0<\/a><\/strong><\/p>\n<p>Oportunidade para estudantes cursando ensino superior a partir do terceiro ano, com ingl\u00eas intermedi\u00e1rio e conhecimento intermedi\u00e1rio do pacote office.\u00a0Inscri\u00e7\u00f5es at\u00e9 1 de mar\u00e7o de 2022.<\/p>\n<p><strong><a href=\"https:\/\/beyellow.com.br\/\" target=\"_blank\" rel=\"noopener noreferrer\" data-gtm-event-category=\"catraca-livre:conteudo\" data-gtm-event-action=\"clique:link:ey-trainee\" data-gtm-event-label=\"https:\/\/beyellow.com.br\/\">EY \u2013 trainee<\/a><\/strong><\/p>\n<p>S\u00e3o 250 vagas para estudantes universit\u00e1rio e rec\u00e9m-formados (at\u00e9 tr\u00eas anos). Para os cursos de Ci\u00eancias Cont\u00e1beis e de TI, \u00e9 exigido o n\u00edvel b\u00e1sico de ingl\u00eas. O ingl\u00eas intermedi\u00e1rio \u00e9 pr\u00e9-requisito para os demais cursos de Administra\u00e7\u00e3o de Empresas, Ci\u00eancias Atuariais, Economia, Rela\u00e7\u00f5es Internacionais, Com\u00e9rcio Exterior, Direito, Engenharia (todas), Estat\u00edstica, F\u00edsica, Matem\u00e1tica, Psicologia, Marketing, Publicidade e Propaganda, Design.<\/p>\n<p><strong><a href=\"https:\/\/radix.gupy.io\/\" target=\"_blank\" rel=\"noopener noreferrer\" data-gtm-event-category=\"catraca-livre:conteudo\" data-gtm-event-action=\"clique:link:radix-estagio\" data-gtm-event-label=\"https:\/\/radix.gupy.io\/\">Radix \u2013 est\u00e1gio<\/a><\/strong><\/p>\n<p>Oportunidades para banco de talentos em diversas \u00e1reas e escrit\u00f3rios da empresa.<\/p>\n<p><strong><a href=\"https:\/\/www.walljobs.com.br\/vagas\/programa-de-estagio-2020-temos-vagas-nos-2-escritorios-faria-lima-e-metro-conceicao-0f705539-faa2-4535-8692-4fc43d8d079b\" target=\"_blank\" rel=\"noopener noreferrer\" data-gtm-event-category=\"catraca-livre:conteudo\" data-gtm-event-action=\"clique:link:camara-interbancaria-de-pagamentos-cip-estagio\" data-gtm-event-label=\"https:\/\/www.walljobs.com.br\/vagas\/programa-de-estagio-2020-temos-vagas-nos-2-escritorios-faria-lima-e-metro-conceicao-0f705539-faa2-4535-8692-4fc43d8d079b\">C\u00e2mara\u00a0Interbanc\u00e1ria\u00a0de\u00a0Pagamentos\u00a0(CIP)\u00a0\u2013\u00a0est\u00e1gio\u00a0<\/a><\/strong><\/p>\n<p>Vagas para estudantes matriculados a partir do 2\u00aa semestre do curso de gradua\u00e7\u00e3o, com prefer\u00eancias pelos cursos de Administra\u00e7\u00e3o, Economia, Matem\u00e1tica, Estat\u00edstica, Direito, Marketing, Publicidade e Propaganda, Ci\u00eancias da Computa\u00e7\u00e3o, An\u00e1lise de Sistemas, Seguran\u00e7a da Informa\u00e7\u00e3o, Engenharia da Computa\u00e7\u00e3o, Sistema da Informa\u00e7\u00e3o e demais \u00e1reas relacionadas \u00e0 tecnologia.<\/p>\n<p><strong><a href=\"https:\/\/www.ibm.com\/br-pt\/employment\/entrylevel\/#jobs?%23jobs=&amp;job-search=\" target=\"_blank\" rel=\"noopener noreferrer\" data-gtm-event-category=\"catraca-livre:conteudo\" data-gtm-event-action=\"clique:link:ibm-estagio\" data-gtm-event-label=\"https:\/\/www.ibm.com\/br-pt\/employment\/entrylevel\/#jobs?%23jobs=&amp;job-search=\">IBM \u2013 est\u00e1gio<\/a><\/strong><\/p>\n<p>Empresa aceita estudantes de qualquer curso com gradua\u00e7\u00e3o prevista a partir de dezembro de 2021. \u00c9 desej\u00e1vel ter conhecimento de ingl\u00eas.<\/p>\n<p><strong><a href=\"https:\/\/trabalheconosco.vagas.com.br\/ternium\" target=\"_blank\" rel=\"noopener noreferrer\" data-gtm-event-category=\"catraca-livre:conteudo\" data-gtm-event-action=\"clique:link:ternium-trainee\" data-gtm-event-label=\"https:\/\/trabalheconosco.vagas.com.br\/ternium\">Ternium \u2013 trainee<\/a><\/strong><\/p>\n<p>Vagas para diferentes forma\u00e7\u00f5es, sendo a maioria voltada para a \u00e1rea de engenheira. Podem se candidatar pessoas com at\u00e9 dois anos de formadas.<\/p>\n<p><strong><a href=\"https:\/\/www.itau.com.br\/trabalhe-conosco\/\" target=\"_blank\" rel=\"noopener noreferrer\" data-gtm-event-category=\"catraca-livre:conteudo\" data-gtm-event-action=\"clique:link:itau-unibanco-e-itau-bba-estagio\" data-gtm-event-label=\"https:\/\/www.itau.com.br\/trabalhe-conosco\/\">Ita\u00fa Unibanco e Ita\u00fa BBA \u2013 est\u00e1gio<\/a><\/strong><\/p>\n<p>Oportunidades para atuar na \u00e1rea corporativa do banco, na rede de ag\u00eancias. Estudantes a partir do terceiro semestre de cursos da \u00e1rea de exatas ou de humanas interessados em trabalhar na sede do banco em S\u00e3o Paulo (SP) podem se candidatar \u00e0s vagas de est\u00e1gio corporativo. Para o est\u00e1gio em ag\u00eancias, estudantes a partir do terceiro semestre dos cursos de administra\u00e7\u00e3o, economia e ci\u00eancias cont\u00e1beis.<\/p>\n<p><strong><a href=\"https:\/\/portal.ipiranga\/wps\/portal\/ipiranga\/aempresa\/pessoas\/programadeestagio\/!ut\/p\/a1\/tVNNc5swFPwr9JCjLCE-BEfcuE2grt2kTg2XzAMJrAwgR-A0_fcVHmfqpo3xoeUkDft23z7twxle46yFJ1lBL1UL9XDP_PvkynWvpi6JP84WPokopctlvHSSlWcAqQGQN76I_F6_mN5RU79wnA-3X6c-8w_1bwFu2Jj-N5zhrGj7bb_B6VbpHmpLbqWGtgILWYVqe7HjyqIX5NXfCwJHZy2Kne5UZ212DbSqM3CtKg0NWFxYouuhkmrQ2kIluOhk1e5vheQ4DYOwZFACsguSIzcPQxT4IUfMBsg9jxeh6444NaM45XTOXtf_CThnUiOz3gNOPeZJkWt7ROIzxTHOqlrl-2ilUZs7QYUzLUqhhZ5sVNfjtXiGRkwg17KeFKqZ5Bqnxjs70k2-zAxtdHmXXHqUXDv49tdjMMdjAQOK8pK4yGXcRwEPBAoKZts-eKEQfGhjdNry4fExi0y6hgw9m8b-abzUgN-1koNJ04jBiB4bPCtt8RmL-38N_m1_4rF4mK6onr-fV8Oi9Rsk21Lh9Qv5gds0euDm4oV526xWTfBQJp_8m1k57wPiePVT09yb44_v0bufFrQDvw!!\/dl5\/d5\/L2dBISEvZ0FBIS9nQSEh\/\" target=\"_blank\" rel=\"noopener noreferrer\" data-gtm-event-category=\"catraca-livre:conteudo\" data-gtm-event-action=\"clique:link:ipiranga-estagio\" data-gtm-event-label=\"https:\/\/portal.ipiranga\/wps\/portal\/ipiranga\/aempresa\/pessoas\/programadeestagio\/!ut\/p\/a1\/tVNNc5swFPwr9JCjLCE-BEfcuE2grt2kTg2XzAMJrAwgR-A0_fcVHmfqpo3xoeUkDft23z7twxle46yFJ1lBL1UL9XDP_PvkynWvpi6JP84WPokopctlvHSSlWcAqQGQN76I_F6_mN5RU79wnA-3X6c-8w_1bwFu2Jj-N5zhrGj7bb_B6VbpHmpLbqWGtgILWYVqe7HjyqIX5NXfCwJHZy2Kne5UZ212DbSqM3CtKg0NWFxYouuhkmrQ2kIluOhk1e5vheQ4DYOwZFACsguSIzcPQxT4IUfMBsg9jxeh6444NaM45XTOXtf_CThnUiOz3gNOPeZJkWt7ROIzxTHOqlrl-2ilUZs7QYUzLUqhhZ5sVNfjtXiGRkwg17KeFKqZ5Bqnxjs70k2-zAxtdHmXXHqUXDv49tdjMMdjAQOK8pK4yGXcRwEPBAoKZts-eKEQfGhjdNry4fExi0y6hgw9m8b-abzUgN-1koNJ04jBiB4bPCtt8RmL-38N_m1_4rF4mK6onr-fV8Oi9Rsk21Lh9Qv5gds0euDm4oV526xWTfBQJp_8m1k57wPiePVT09yb44_v0bufFrQDvw!!\/dl5\/d5\/L2dBISEvZ0FBIS9nQSEh\/\">Ipiranga \u2013 est\u00e1gio<\/a><\/strong><\/p>\n<p>O programa de est\u00e1gio acontece durante todo o ano, conforme o surgimento de oportunidades. As inscri\u00e7\u00f5es est\u00e3o sempre abertas, com oportunidades para estudantes do pen\u00faltimo ou \u00faltimo ano do ensino superior e \u00faltimo ano do curso t\u00e9cnico.<\/p>\n<p><em>(Fonte: Catraca Livre\/Foto: Unsplash)<\/em><\/p>\n","protected":false},"excerpt":{"rendered":"<p>As oportunidades s\u00e3o para centenas de profissionais rec\u00e9m-formados em todo o pa\u00eds<\/p>\n","protected":false},"author":14,"featured_media":64120,"comment_status":"closed","ping_status":"closed","sticky":false,"template":"","format":"standard","meta":{"footnotes":""},"categories":[5038,1],"tags":[309,7849,7850],"class_list":["post-64116","post","type-post","status-publish","format-standard","has-post-thumbnail","hentry","category-emprego","category-noticias","tag-estagio","tag-recem-formados","tag-trainee"],"_links":{"self":[{"href":"https:\/\/tvtecjundiai.com.br\/news\/wp-json\/wp\/v2\/posts\/64116","targetHints":{"allow":["GET"]}}],"collection":[{"href":"https:\/\/tvtecjundiai.com.br\/news\/wp-json\/wp\/v2\/posts"}],"about":[{"href":"https:\/\/tvtecjundiai.com.br\/news\/wp-json\/wp\/v2\/types\/post"}],"author":[{"embeddable":true,"href":"https:\/\/tvtecjundiai.com.br\/news\/wp-json\/wp\/v2\/users\/14"}],"replies":[{"embeddable":true,"href":"https:\/\/tvtecjundiai.com.br\/news\/wp-json\/wp\/v2\/comments?post=64116"}],"version-history":[{"count":3,"href":"https:\/\/tvtecjundiai.com.br\/news\/wp-json\/wp\/v2\/posts\/64116\/revisions"}],"predecessor-version":[{"id":64172,"href":"https:\/\/tvtecjundiai.com.br\/news\/wp-json\/wp\/v2\/posts\/64116\/revisions\/64172"}],"wp:featuredmedia":[{"embeddable":true,"href":"https:\/\/tvtecjundiai.com.br\/news\/wp-json\/wp\/v2\/media\/64120"}],"wp:attachment":[{"href":"https:\/\/tvtecjundiai.com.br\/news\/wp-json\/wp\/v2\/media?parent=64116"}],"wp:term":[{"taxonomy":"category","embeddable":true,"href":"https:\/\/tvtecjundiai.com.br\/news\/wp-json\/wp\/v2\/categories?post=64116"},{"taxonomy":"post_tag","embeddable":true,"href":"https:\/\/tvtecjundiai.com.br\/news\/wp-json\/wp\/v2\/tags?post=64116"}],"curies":[{"name":"wp","href":"https:\/\/api.w.org\/{rel}","templated":true}]}}