{"id":64270,"date":"2020-08-06T09:47:43","date_gmt":"2020-08-06T12:47:43","guid":{"rendered":"https:\/\/tvtecjundiai.com.br\/news\/?p=64270"},"modified":"2020-08-06T12:45:57","modified_gmt":"2020-08-06T15:45:57","slug":"borboleta-espacial-capturada-no-espaco-encanta-por-detalhes","status":"publish","type":"post","link":"https:\/\/tvtecjundiai.com.br\/news\/2020\/08\/06\/borboleta-espacial-capturada-no-espaco-encanta-por-detalhes\/","title":{"rendered":"\u2018Borboleta espacial\u2019 capturada no espa\u00e7o encanta por detalhes"},"content":{"rendered":"<div id=\"attachment_64271\" style=\"width: 342px\" class=\"wp-caption alignright\"><a href=\"https:\/\/tvtecjundiai.com.br\/news\/wp-content\/uploads\/sites\/2\/2020\/08\/borboleta1.jpg\"><img loading=\"lazy\" decoding=\"async\" aria-describedby=\"caption-attachment-64271\" class=\"wp-image-64271\" src=\"https:\/\/tvtecjundiai.com.br\/news\/wp-content\/uploads\/sites\/2\/2020\/08\/borboleta1-300x302.jpg\" alt=\"\" width=\"332\" height=\"334\" srcset=\"https:\/\/tvtecjundiai.com.br\/news\/wp-content\/uploads\/sites\/2\/2020\/08\/borboleta1-300x302.jpg 300w, https:\/\/tvtecjundiai.com.br\/news\/wp-content\/uploads\/sites\/2\/2020\/08\/borboleta1-955x960.jpg 955w, https:\/\/tvtecjundiai.com.br\/news\/wp-content\/uploads\/sites\/2\/2020\/08\/borboleta1-100x100.jpg 100w, https:\/\/tvtecjundiai.com.br\/news\/wp-content\/uploads\/sites\/2\/2020\/08\/borboleta1-768x772.jpg 768w, https:\/\/tvtecjundiai.com.br\/news\/wp-content\/uploads\/sites\/2\/2020\/08\/borboleta1.jpg 995w\" sizes=\"auto, (max-width: 332px) 100vw, 332px\" \/><\/a><p id=\"caption-attachment-64271\" class=\"wp-caption-text\">A \u201cborboleta\u201d est\u00e1 localizada entre tr\u00eas e 6,5 mil anos-luz de dist\u00e2ncia da Terra<\/p><\/div>\n<p>De cor azul e roxa, enfeitada por tons de rosa, a \u2018borboleta espacial\u2019 foi encontrada a milhares de anos-luz de dist\u00e2ncia da Terra. N\u00e3o se trata de um animal intergal\u00e1ctico, mas de uma nebulosa planet\u00e1ria localizada na constela\u00e7\u00e3o de Vela, que pode ser vista do hemisf\u00e9rio sul do nosso planeta.<\/p>\n<p>Nebulosas s\u00e3o nuvens de poeira e g\u00e1s formadas ao redor de uma estrela que ainda n\u00e3o explodiu. A \u201cborboleta\u201d \u00e9 uma delas e est\u00e1 localizada entre tr\u00eas e 6,5 mil anos-luz daqui. Ela ganhou o nome oficial de NGC 2899. A sigla inicial significa \u201cNew General Catalog\u201d, o cat\u00e1logo que lista corpos astrais semelhantes a esse.<\/p>\n<p>As cores se tornam brilhantes, como vistas na foto, gra\u00e7as \u00e0 radia\u00e7\u00e3o ultravioleta que reluz nos gases da nebulosa.\u00a0 A imagem foi captada pelo Observat\u00f3rio Europeu do Sul, por meio de seu Very Large Telescope (\u201ctelesc\u00f3pio enorme\u201d, em tradu\u00e7\u00e3o livre), localizado no deserto do Atacama, no Chile. O equipamento \u00e9 considerado um dos mais avan\u00e7ados do mundo inteiro.<\/p>\n<p><em>(Fonte: Hypeness\/Foto: European Southern Observatory)<\/em><\/p>\n","protected":false},"excerpt":{"rendered":"<p>A \u201cborboleta\u201d est\u00e1 localizada entre tr\u00eas e 6,5 mil anos-luz de dist\u00e2ncia da Terra<\/p>\n","protected":false},"author":14,"featured_media":64271,"comment_status":"closed","ping_status":"closed","sticky":false,"template":"","format":"standard","meta":{"footnotes":""},"categories":[7423,1],"tags":[7873,7705,7578,7874,539],"class_list":["post-64270","post","type-post","status-publish","format-standard","has-post-thumbnail","hentry","category-astronomia","category-noticias","tag-constelacao","tag-espaco","tag-planetas","tag-telescopio","tag-terra"],"_links":{"self":[{"href":"https:\/\/tvtecjundiai.com.br\/news\/wp-json\/wp\/v2\/posts\/64270","targetHints":{"allow":["GET"]}}],"collection":[{"href":"https:\/\/tvtecjundiai.com.br\/news\/wp-json\/wp\/v2\/posts"}],"about":[{"href":"https:\/\/tvtecjundiai.com.br\/news\/wp-json\/wp\/v2\/types\/post"}],"author":[{"embeddable":true,"href":"https:\/\/tvtecjundiai.com.br\/news\/wp-json\/wp\/v2\/users\/14"}],"replies":[{"embeddable":true,"href":"https:\/\/tvtecjundiai.com.br\/news\/wp-json\/wp\/v2\/comments?post=64270"}],"version-history":[{"count":2,"href":"https:\/\/tvtecjundiai.com.br\/news\/wp-json\/wp\/v2\/posts\/64270\/revisions"}],"predecessor-version":[{"id":64324,"href":"https:\/\/tvtecjundiai.com.br\/news\/wp-json\/wp\/v2\/posts\/64270\/revisions\/64324"}],"wp:featuredmedia":[{"embeddable":true,"href":"https:\/\/tvtecjundiai.com.br\/news\/wp-json\/wp\/v2\/media\/64271"}],"wp:attachment":[{"href":"https:\/\/tvtecjundiai.com.br\/news\/wp-json\/wp\/v2\/media?parent=64270"}],"wp:term":[{"taxonomy":"category","embeddable":true,"href":"https:\/\/tvtecjundiai.com.br\/news\/wp-json\/wp\/v2\/categories?post=64270"},{"taxonomy":"post_tag","embeddable":true,"href":"https:\/\/tvtecjundiai.com.br\/news\/wp-json\/wp\/v2\/tags?post=64270"}],"curies":[{"name":"wp","href":"https:\/\/api.w.org\/{rel}","templated":true}]}}